{"id":57794,"date":"2025-09-27T20:54:43","date_gmt":"2025-09-27T17:54:43","guid":{"rendered":"https:\/\/www.egemtv.com\/?p=57794"},"modified":"2025-09-27T20:54:45","modified_gmt":"2025-09-27T17:54:45","slug":"kocarlida-cam-fistiginin-en-iyisi-secilecek","status":"publish","type":"post","link":"https:\/\/www.egemtv.com\/?p=57794","title":{"rendered":"Ko\u00e7arl\u0131\u2019da \u00e7am f\u0131st\u0131\u011f\u0131n\u0131n en iyisi se\u00e7ilecek"},"content":{"rendered":"<p>Ayd\u0131n\u2019\u0131n Ko\u00e7arl\u0131 il\u00e7esinde d\u00fczenlenecek olan 15. Geleneksel \u00c7am F\u0131st\u0131\u011f\u0131 ve Y\u00f6resel \u00dcr\u00fcnleri Festivali kapsam\u0131nda \u00fcreticiler aras\u0131nda &#8220;En \u0130yi \u00c7am F\u0131st\u0131\u011f\u0131&#8221; yar\u0131\u015fmas\u0131 yap\u0131lacak, dereceye girenler festivalin kapan\u0131\u015f g\u00fcn\u00fcnde a\u00e7\u0131klanacak.<\/p>\n<p>7-12 Ekim tarihlerinde ger\u00e7ekle\u015fecek olan Ko\u00e7arl\u0131 15. Geleneksel \u00c7am F\u0131st\u0131\u011f\u0131 ve Y\u00f6resel \u00dcr\u00fcnleri Festivali kapsam\u0131nda,  il\u00e7ede faaliyet g\u00f6steren \u00fcreticiler aras\u0131nda en iyi \u00e7am f\u0131st\u0131\u011f\u0131 yar\u0131\u015fmas\u0131 d\u00fczenleniyor. Festival\u2019in a\u00e7\u0131l\u0131\u015f program\u0131nda konuklar huzurunda ger\u00e7ekle\u015fecek tad\u0131m ve puanlama testine t\u00fcm \u00fcreticiler kat\u0131l\u0131m sa\u011flayabilecek. Ayn\u0131 g\u00fcn dereceye girenlerin a\u00e7\u0131klanaca\u011f\u0131 yar\u0131\u015fman\u0131n \u00f6d\u00fcl t\u00f6reni ise Festival\u2019in kapan\u0131\u015f g\u00fcn\u00fcnde ger\u00e7ekle\u015fecek.<\/p>\n<p>Konu ile ilgili a\u00e7\u0131klama yapan Ko\u00e7arl\u0131 Belediye Ba\u015fkan\u0131 \u00d6zg\u00fcr Ar\u0131c\u0131; &#8220;Ko\u00e7arl\u0131l\u0131 \u00fcreticilerimizden gelen talepler do\u011frultusunda, festivalimizin dokusuna uygun ger\u00e7ekle\u015ftirece\u011fimiz yar\u0131\u015fmam\u0131za kat\u0131lan t\u00fcm \u00fcreticilerimize ba\u015far\u0131lar dilerim. \u0130l\u00e7emizde her \u00fcreticinin elinden \u00e7\u0131kan \u00c7am F\u0131st\u0131\u011f\u0131 \u015f\u00fcphesiz en kalitelisidir. Bu yar\u0131\u015fma ile en iyinin iyisini se\u00e7ece\u011fiz. Yar\u0131\u015fmam\u0131z  Esentepe Muhtar\u0131m\u0131z Mehmet \u00c7oban koordinat\u00f6rl\u00fc\u011f\u00fcnde ger\u00e7ekle\u015fecek. Dereceye giren \u00fcreticilerimizi s\u00fcpriz \u00f6d\u00fcller bekliyor&#8221; dedi.<br \/><\/p>\n","protected":false},"excerpt":{"rendered":"<p>Ayd\u0131n\u2019\u0131n Ko\u00e7arl\u0131 il\u00e7esinde d\u00fczenlenecek olan 15. Geleneksel \u00c7am F\u0131st\u0131\u011f\u0131 ve Y\u00f6resel \u00dcr\u00fcnleri Festivali kapsam\u0131nda \u00fcreticiler aras\u0131nda &#8220;En \u0130yi \u00c7am F\u0131st\u0131\u011f\u0131&#8221; yar\u0131\u015fmas\u0131 yap\u0131lacak, dereceye girenler festivalin kapan\u0131\u015f g\u00fcn\u00fcnde a\u00e7\u0131klanacak. 7-12 Ekim tarihlerinde ger\u00e7ekle\u015fecek olan Ko\u00e7arl\u0131 15. Geleneksel \u00c7am F\u0131st\u0131\u011f\u0131 ve Y\u00f6resel \u00dcr\u00fcnleri Festivali kapsam\u0131nda, il\u00e7ede faaliyet g\u00f6steren \u00fcreticiler aras\u0131nda en iyi \u00e7am f\u0131st\u0131\u011f\u0131 yar\u0131\u015fmas\u0131 d\u00fczenleniyor. Festival\u2019in&#8230;<\/p>\n","protected":false},"author":1,"featured_media":57795,"comment_status":"open","ping_status":"open","sticky":false,"template":"","format":"standard","meta":{"_crdt_document":"","footnotes":""},"categories":[1],"tags":[],"class_list":["post-57794","post","type-post","status-publish","format-standard","has-post-thumbnail","hentry","category-guncel"],"_links":{"self":[{"href":"https:\/\/www.egemtv.com\/index.php?rest_route=\/wp\/v2\/posts\/57794","targetHints":{"allow":["GET"]}}],"collection":[{"href":"https:\/\/www.egemtv.com\/index.php?rest_route=\/wp\/v2\/posts"}],"about":[{"href":"https:\/\/www.egemtv.com\/index.php?rest_route=\/wp\/v2\/types\/post"}],"author":[{"embeddable":true,"href":"https:\/\/www.egemtv.com\/index.php?rest_route=\/wp\/v2\/users\/1"}],"replies":[{"embeddable":true,"href":"https:\/\/www.egemtv.com\/index.php?rest_route=%2Fwp%2Fv2%2Fcomments&post=57794"}],"version-history":[{"count":1,"href":"https:\/\/www.egemtv.com\/index.php?rest_route=\/wp\/v2\/posts\/57794\/revisions"}],"predecessor-version":[{"id":57796,"href":"https:\/\/www.egemtv.com\/index.php?rest_route=\/wp\/v2\/posts\/57794\/revisions\/57796"}],"wp:featuredmedia":[{"embeddable":true,"href":"https:\/\/www.egemtv.com\/index.php?rest_route=\/wp\/v2\/media\/57795"}],"wp:attachment":[{"href":"https:\/\/www.egemtv.com\/index.php?rest_route=%2Fwp%2Fv2%2Fmedia&parent=57794"}],"wp:term":[{"taxonomy":"category","embeddable":true,"href":"https:\/\/www.egemtv.com\/index.php?rest_route=%2Fwp%2Fv2%2Fcategories&post=57794"},{"taxonomy":"post_tag","embeddable":true,"href":"https:\/\/www.egemtv.com\/index.php?rest_route=%2Fwp%2Fv2%2Ftags&post=57794"}],"curies":[{"name":"wp","href":"https:\/\/api.w.org\/{rel}","templated":true}]}}