{"id":57791,"date":"2025-09-27T19:35:47","date_gmt":"2025-09-27T16:35:47","guid":{"rendered":"https:\/\/www.egemtv.com\/?p=57791"},"modified":"2025-09-27T19:35:48","modified_gmt":"2025-09-27T16:35:48","slug":"baskan-kunkcu-esnafin-gozu-1-ekimde-acilacak-mecliste","status":"publish","type":"post","link":"https:\/\/www.egemtv.com\/?p=57791","title":{"rendered":"Ba\u015fkan K\u00fcnkc\u00fc: &#8220;Esnaf\u0131n g\u00f6z\u00fc 1 Ekim\u2019de a\u00e7\u0131lacak mecliste&#8221;"},"content":{"rendered":"<p>Ayd\u0131n Esnaf ve Sanatkarlar Odalar\u0131 Birli\u011fi (AYESOB) Ba\u015fkan\u0131 Muhammet Ali K\u00fcnkc\u00fc, 1 Ekim\u2019de a\u00e7\u0131lacak olan T\u00fcrkiye B\u00fcy\u00fck Millet Meclisi\u2019nden esnaf ve sanatkarlar\u0131n beklentilerini a\u00e7\u0131klad\u0131. K\u00fcnkc\u00fc, esnaf\u0131n ya\u015fad\u0131\u011f\u0131 sorunlar\u0131n \u00e7\u00f6z\u00fclmesi halinde hem ekonominin canlanaca\u011f\u0131n\u0131 hem de vatanda\u015f\u0131n daha uygun fiyatlarla kaliteli \u00fcr\u00fcnlere ula\u015faca\u011f\u0131n\u0131 s\u00f6yledi.<br \/>\n<br \/>K\u00fcnkc\u00fc, \u00f6zellikle Perakende Yasas\u0131\u2019nda yap\u0131lacak d\u00fczenlemelerin \u00f6nemine dikkat \u00e7ekerek, &#8220;A\u00e7\u0131l\u0131\u015f-kapan\u0131\u015f saatlerinin belirlenmesi, n\u00fcfus yo\u011funlu\u011funa g\u00f6re oranlar\u0131n d\u00fczenlenmesi ve b\u00fcy\u00fck zincir marketlerin \u2019her \u015feyi ben satar\u0131m\u2019 anlay\u0131\u015f\u0131n\u0131n \u00f6n\u00fcne ge\u00e7ilmesi gerekiyor. Sa\u011fl\u0131kl\u0131 bir rekabet ortam\u0131 hem enflasyonla m\u00fccadeleye hem de esnaf\u0131n ayakta kalmas\u0131na katk\u0131 sa\u011flayacak&#8221; dedi.<br \/>\n<br \/>Esnaf\u0131n en b\u00fcy\u00fck sorunlar\u0131ndan birinin Ba\u011f-Kur prim g\u00fcn say\u0131s\u0131 oldu\u011funa i\u015faret eden K\u00fcnkc\u00fc; &#8220;Yan\u0131nda \u00e7al\u0131\u015fan 7 bin 200 g\u00fcnde emekli olurken, esnaf 9 bin g\u00fcn prim \u00f6demek zorunda kal\u0131yor. Bu e\u015fitsizlik mutlaka giderilmeli. Ayr\u0131ca y\u0131l sonunda sona erecek sa\u011fl\u0131k sigortas\u0131 deste\u011fi de kal\u0131c\u0131 hale gelmeli&#8221; ifadelerini kulland\u0131. \u00c7\u0131rakl\u0131k ve staj s\u00fcrelerinin de emeklili\u011fe dahil edilmesinin \u00f6nemine de\u011finen K\u00fcnkc\u00fc, meslek liselerinin g\u00fc\u00e7lendirilmesi ve sanatkar yeti\u015ftirilmesinin de devlet deste\u011fiyle m\u00fcmk\u00fcn olaca\u011f\u0131n\u0131 belirtti.<br \/>\n<br \/>&#8220;Bor\u00e7 yap\u0131land\u0131r\u0131lmas\u0131 \u015fart&#8221;<br \/>\n<br \/>K\u00fcnkc\u00fc, esnaf\u0131n bor\u00e7 y\u00fck\u00fcn\u00fcn hafifletilmesi gerekti\u011fini vurgulayarak &#8220;Biz af istemiyoruz, sadece bor\u00e7lar\u0131m\u0131z\u0131n \u00f6denebilir \u015fekilde yap\u0131land\u0131r\u0131lmas\u0131n\u0131 talep ediyoruz. Daha \u00f6nce yap\u0131lan d\u00fczenlemeler hem devlete gelir sa\u011flad\u0131 hem de esnaf\u0131 rahatlatt\u0131. Bug\u00fcn de benzer bir ad\u0131m at\u0131lmal\u0131. Esnaf\u0131n \u00f6n\u00fcn\u00fc a\u00e7arsak, hem ticaret canlan\u0131r hem de aileler nefes al\u0131r&#8221; dedi.<br \/>\n<br \/>Son y\u0131llarda pandemi, deprem ve enflasyon nedeniyle esnaf\u0131n b\u00fcy\u00fck zorluklarla m\u00fccadele etti\u011fini hat\u0131rlatan K\u00fcnkc\u00fc, &#8220;1 Ekim\u2019den sonra bu sorunlar\u0131n meclis g\u00fcndemine al\u0131nmas\u0131n\u0131 bekliyoruz. \u0130n\u015fallah 2025 \u00e7\u00f6z\u00fcm y\u0131l\u0131 olur ve 2026\u2019dan itibaren esnaf\u0131m\u0131z biraz olsun rahatlar&#8221; \u015feklinde konu\u015ftu.<br \/><\/p>\n","protected":false},"excerpt":{"rendered":"<p>Ayd\u0131n Esnaf ve Sanatkarlar Odalar\u0131 Birli\u011fi (AYESOB) Ba\u015fkan\u0131 Muhammet Ali K\u00fcnkc\u00fc, 1 Ekim\u2019de a\u00e7\u0131lacak olan T\u00fcrkiye B\u00fcy\u00fck Millet Meclisi\u2019nden esnaf ve sanatkarlar\u0131n beklentilerini a\u00e7\u0131klad\u0131. K\u00fcnkc\u00fc, esnaf\u0131n ya\u015fad\u0131\u011f\u0131 sorunlar\u0131n \u00e7\u00f6z\u00fclmesi halinde hem ekonominin canlanaca\u011f\u0131n\u0131 hem de vatanda\u015f\u0131n daha uygun fiyatlarla kaliteli \u00fcr\u00fcnlere ula\u015faca\u011f\u0131n\u0131 s\u00f6yledi. K\u00fcnkc\u00fc, \u00f6zellikle Perakende Yasas\u0131\u2019nda yap\u0131lacak d\u00fczenlemelerin \u00f6nemine dikkat \u00e7ekerek, &#8220;A\u00e7\u0131l\u0131\u015f-kapan\u0131\u015f saatlerinin belirlenmesi,&#8230;<\/p>\n","protected":false},"author":1,"featured_media":57792,"comment_status":"open","ping_status":"open","sticky":false,"template":"","format":"standard","meta":{"_crdt_document":"","footnotes":""},"categories":[1],"tags":[],"class_list":["post-57791","post","type-post","status-publish","format-standard","has-post-thumbnail","hentry","category-guncel"],"_links":{"self":[{"href":"https:\/\/www.egemtv.com\/index.php?rest_route=\/wp\/v2\/posts\/57791","targetHints":{"allow":["GET"]}}],"collection":[{"href":"https:\/\/www.egemtv.com\/index.php?rest_route=\/wp\/v2\/posts"}],"about":[{"href":"https:\/\/www.egemtv.com\/index.php?rest_route=\/wp\/v2\/types\/post"}],"author":[{"embeddable":true,"href":"https:\/\/www.egemtv.com\/index.php?rest_route=\/wp\/v2\/users\/1"}],"replies":[{"embeddable":true,"href":"https:\/\/www.egemtv.com\/index.php?rest_route=%2Fwp%2Fv2%2Fcomments&post=57791"}],"version-history":[{"count":1,"href":"https:\/\/www.egemtv.com\/index.php?rest_route=\/wp\/v2\/posts\/57791\/revisions"}],"predecessor-version":[{"id":57793,"href":"https:\/\/www.egemtv.com\/index.php?rest_route=\/wp\/v2\/posts\/57791\/revisions\/57793"}],"wp:featuredmedia":[{"embeddable":true,"href":"https:\/\/www.egemtv.com\/index.php?rest_route=\/wp\/v2\/media\/57792"}],"wp:attachment":[{"href":"https:\/\/www.egemtv.com\/index.php?rest_route=%2Fwp%2Fv2%2Fmedia&parent=57791"}],"wp:term":[{"taxonomy":"category","embeddable":true,"href":"https:\/\/www.egemtv.com\/index.php?rest_route=%2Fwp%2Fv2%2Fcategories&post=57791"},{"taxonomy":"post_tag","embeddable":true,"href":"https:\/\/www.egemtv.com\/index.php?rest_route=%2Fwp%2Fv2%2Ftags&post=57791"}],"curies":[{"name":"wp","href":"https:\/\/api.w.org\/{rel}","templated":true}]}}