{"id":57788,"date":"2025-09-27T18:54:57","date_gmt":"2025-09-27T15:54:57","guid":{"rendered":"https:\/\/www.egemtv.com\/?p=57788"},"modified":"2025-09-27T18:54:57","modified_gmt":"2025-09-27T15:54:57","slug":"kusadasinda-kulaclar-otizmli-cocuklar-icin-atildi","status":"publish","type":"post","link":"https:\/\/www.egemtv.com\/?p=57788","title":{"rendered":"Ku\u015fadas\u0131\u2019nda kula\u00e7lar otizmli \u00e7ocuklar i\u00e7in at\u0131ld\u0131"},"content":{"rendered":"<p>Ku\u015fadas\u0131 Belediyesi\u2019nin verdi\u011fi destekle Ku\u015fadas\u0131 Otizm Derne\u011fi ve Ku\u015fadas\u0131 Belediye Spor taraf\u0131ndan Kad\u0131nlar Denizi\u2019nde \u2018Ku\u015fadas\u0131 A\u00e7\u0131k Su Y\u00fczme Yar\u0131\u015fmas\u0131\u2019 d\u00fczenlendi. \u2018Ocean\u2019s 7\u2019 etaplar\u0131n\u0131 bitiren ilk T\u00fcrk kad\u0131n y\u00fcz\u00fcc\u00fc Bengisu Avc\u0131\u2019n\u0131n da kat\u0131ld\u0131\u011f\u0131 etkinlikte, kula\u00e7lar otizmli \u00e7ocuklar i\u00e7in at\u0131ld\u0131.<\/p>\n<p>Ku\u015fadas\u0131\u2019n\u0131n d\u00fcnyaca \u00fcnl\u00fc mavi bayrakl\u0131 plaj\u0131 Kad\u0131nlar Denizi, bu y\u0131l 5\u2019inci kez d\u00fczenlenen \u2018A\u00e7\u0131k Su Y\u00fczme Yar\u0131\u015f\u0131\u2019na\u2019 ev sahipli\u011fi yapt\u0131. Otizmli \u00e7ocuklara dikkat \u00e7ekmek ve e\u011fitimlerine katk\u0131da bulunmak amac\u0131yla ger\u00e7ekle\u015ftirilen etkinli\u011fe Ocean\u2019s 7\u2019 etaplar\u0131n\u0131 bitiren ilk T\u00fcrk kad\u0131n y\u00fcz\u00fcc\u00fc olan Bengisu Avc\u0131 da kat\u0131ld\u0131. Man\u015f Denizi\u2019ni ge\u00e7en otizmli ilk y\u00fcz\u00fcc\u00fc Tuna Tunca\u2019n\u0131n da yer ald\u0131\u011f\u0131 etkinlikte, Milli ultra maraton y\u00fcz\u00fcc\u00fcs\u00fc Bengisu Avc\u0131, di\u011fer y\u00fcz\u00fcc\u00fclerle birlikte kula\u00e7lar\u0131n\u0131 otizmli \u00e7ocuklar i\u00e7in att\u0131. Avc\u0131, 137 numaral\u0131 s\u0131rt numaras\u0131yla suya girip, 3 bin metre kategorisinde yar\u0131\u015ft\u0131. T\u00fcrkiye genelinden amat\u00f6r ve profesyonel olmak \u00fczere yakla\u015f\u0131k 135 y\u00fcz\u00fcc\u00fcn\u00fcn kat\u0131ld\u0131\u011f\u0131 yar\u0131\u015f, madalya t\u00f6reni ile sona erdi.<\/p>\n<p>Ku\u015fadas\u0131 Belediyesi Spor Ba\u015fkan\u0131 Mehmet Sar\u0131dedeo\u011flu, &#8220;Yar\u0131\u015fmaya T\u00fcrkiye\u2019nin farkl\u0131 il ve il\u00e7elerinden 135 sporcu kat\u0131ld\u0131. Kat\u0131lan ve emek veren herkese \u00e7ok te\u015fekk\u00fcr ederim. Amac\u0131m\u0131z otizmli \u00e7ocuk ve bireylerin sporda ne kadar ba\u015far\u0131l\u0131 olabileceklerini g\u00f6stermekti&#8221; dedi.<br \/>\n<br \/>Ku\u015fadas\u0131 Otizm Derne\u011fi Ba\u015fkan\u0131 \u0130brahim Durak ise, &#8220;Etkinli\u011fimizde otizmli bireylerin ve ailelerinin ya\u015fam\u0131na katk\u0131 vermek i\u00e7in bir araya geldik. Bu yar\u0131\u015fmaya kat\u0131lmak i\u00e7in g\u00f6sterdikleri \u00e7aba bizi \u00e7ok memnun etti. Bu etkinlikle otizme olan fark\u0131ndal\u0131\u011f\u0131 art\u0131rd\u0131\u011f\u0131m\u0131za inan\u0131yorum&#8221; diye konu\u015ftu.<\/p>\n<p>&#8220;Aram\u0131zda bir fark yok&#8221;<br \/>\n<br \/>Ku\u015fadas\u0131\u2019nda bulundu\u011fu i\u00e7in \u00e7ok mutlu oldu\u011funu belirten Milli ultra maraton y\u00fcz\u00fcc\u00fcs\u00fc Bengisu Avc\u0131 da &#8220;Ocean\u2019s 7\u2019etaplar\u0131n\u0131 tamamlad\u0131\u011f\u0131m i\u00e7in gurur duyuyorum. \u0130klim de\u011fi\u015fikli\u011fine dikkat \u00e7ekmek amac\u0131yla yapt\u0131\u011f\u0131m\u0131z bir ge\u00e7i\u015fti. Yeni hedefim kendi sporcular\u0131m\u0131 yeti\u015ftirmek ve mart ay\u0131nda Finlandiya\u2019da d\u00fczenlenecek olan D\u00fcnya K\u0131\u015f Y\u00fczme \u015eampiyonas\u0131\u2019nda madalya kazanmak olacak. \u015eu an \u00c7anakkale\u2019de antrenmanlar\u0131ma yo\u011fun bir \u015fekilde devam ediyorum. S\u00fcrekli buz k\u00fcvetine girip, so\u011fuk suda \u00e7al\u0131\u015f\u0131yorum. Ku\u015fadas\u0131\u2019nda otizmli sporcularla kula\u00e7 atmak \u00e7ok keyifli. Aram\u0131zda bir fark olmad\u0131\u011f\u0131n\u0131, onlar\u0131n da spor yaparken bizim kadar ba\u015far\u0131l\u0131 oldu\u011funu g\u00f6rmek \u00e7ok g\u00fczel bir duygu&#8221; dedi.<br \/><\/p>\n","protected":false},"excerpt":{"rendered":"<p>Ku\u015fadas\u0131 Belediyesi\u2019nin verdi\u011fi destekle Ku\u015fadas\u0131 Otizm Derne\u011fi ve Ku\u015fadas\u0131 Belediye Spor taraf\u0131ndan Kad\u0131nlar Denizi\u2019nde \u2018Ku\u015fadas\u0131 A\u00e7\u0131k Su Y\u00fczme Yar\u0131\u015fmas\u0131\u2019 d\u00fczenlendi. \u2018Ocean\u2019s 7\u2019 etaplar\u0131n\u0131 bitiren ilk T\u00fcrk kad\u0131n y\u00fcz\u00fcc\u00fc Bengisu Avc\u0131\u2019n\u0131n da kat\u0131ld\u0131\u011f\u0131 etkinlikte, kula\u00e7lar otizmli \u00e7ocuklar i\u00e7in at\u0131ld\u0131. Ku\u015fadas\u0131\u2019n\u0131n d\u00fcnyaca \u00fcnl\u00fc mavi bayrakl\u0131 plaj\u0131 Kad\u0131nlar Denizi, bu y\u0131l 5\u2019inci kez d\u00fczenlenen \u2018A\u00e7\u0131k Su Y\u00fczme Yar\u0131\u015f\u0131\u2019na\u2019&#8230;<\/p>\n","protected":false},"author":1,"featured_media":57789,"comment_status":"open","ping_status":"open","sticky":false,"template":"","format":"standard","meta":{"_crdt_document":"","footnotes":""},"categories":[2],"tags":[],"class_list":["post-57788","post","type-post","status-publish","format-standard","has-post-thumbnail","hentry","category-saglik"],"_links":{"self":[{"href":"https:\/\/www.egemtv.com\/index.php?rest_route=\/wp\/v2\/posts\/57788","targetHints":{"allow":["GET"]}}],"collection":[{"href":"https:\/\/www.egemtv.com\/index.php?rest_route=\/wp\/v2\/posts"}],"about":[{"href":"https:\/\/www.egemtv.com\/index.php?rest_route=\/wp\/v2\/types\/post"}],"author":[{"embeddable":true,"href":"https:\/\/www.egemtv.com\/index.php?rest_route=\/wp\/v2\/users\/1"}],"replies":[{"embeddable":true,"href":"https:\/\/www.egemtv.com\/index.php?rest_route=%2Fwp%2Fv2%2Fcomments&post=57788"}],"version-history":[{"count":1,"href":"https:\/\/www.egemtv.com\/index.php?rest_route=\/wp\/v2\/posts\/57788\/revisions"}],"predecessor-version":[{"id":57790,"href":"https:\/\/www.egemtv.com\/index.php?rest_route=\/wp\/v2\/posts\/57788\/revisions\/57790"}],"wp:featuredmedia":[{"embeddable":true,"href":"https:\/\/www.egemtv.com\/index.php?rest_route=\/wp\/v2\/media\/57789"}],"wp:attachment":[{"href":"https:\/\/www.egemtv.com\/index.php?rest_route=%2Fwp%2Fv2%2Fmedia&parent=57788"}],"wp:term":[{"taxonomy":"category","embeddable":true,"href":"https:\/\/www.egemtv.com\/index.php?rest_route=%2Fwp%2Fv2%2Fcategories&post=57788"},{"taxonomy":"post_tag","embeddable":true,"href":"https:\/\/www.egemtv.com\/index.php?rest_route=%2Fwp%2Fv2%2Ftags&post=57788"}],"curies":[{"name":"wp","href":"https:\/\/api.w.org\/{rel}","templated":true}]}}