{"id":57785,"date":"2025-09-27T18:54:55","date_gmt":"2025-09-27T15:54:55","guid":{"rendered":"https:\/\/www.egemtv.com\/?p=57785"},"modified":"2025-09-27T18:54:56","modified_gmt":"2025-09-27T15:54:56","slug":"devletten-beklemediler-imeceyle-cozduler","status":"publish","type":"post","link":"https:\/\/www.egemtv.com\/?p=57785","title":{"rendered":"Devletten beklemediler, imeceyle \u00e7\u00f6zd\u00fcler"},"content":{"rendered":"<p>Manisa\u2019n\u0131n Sar\u0131g\u00f6l il\u00e7esi Bahad\u0131rlar Mahallesi\u2019nde be\u015f \u00fcz\u00fcm \u00fcreticisi, sel sular\u0131na kar\u015f\u0131 400 metrelik dere yata\u011f\u0131n\u0131 kendi imkanlar\u0131yla betonlad\u0131.<br \/>\n<br \/>Manisa\u2019n\u0131n Sar\u0131g\u00f6l il\u00e7esine ba\u011fl\u0131 Bahad\u0131rlar Mahallesi\u2019nde \u00fcz\u00fcm \u00fcreticileri, her y\u0131l sel ta\u015fk\u0131nlar\u0131na neden olan derenin riskli b\u00f6l\u00fcm\u00fcnde imece usul\u00fcyle \u00e7al\u0131\u015fma yaparak \u00f6rnek bir dayan\u0131\u015fma sergiledi.<br \/>\n<br \/>\u00dcz\u00fcm \u00fcreticileri, \u00f6zellikle hasat d\u00f6neminde ba\u011flara zarar veren sel sular\u0131n\u0131 \u00f6nlemek amac\u0131yla ibik mezarl\u0131\u011f\u0131 mevkiinde yakla\u015f\u0131k 400 metrelik dere yata\u011f\u0131n\u0131 ortakla\u015fa betonla kaplad\u0131. Be\u015f \u00fcretici kendi imkanlar\u0131yla hem masraf\u0131 \u00fcstlendi hem de i\u015f\u00e7ili\u011fi yaparak \u00e7al\u0131\u015fmay\u0131 tamamlad\u0131.<br \/>\n<br \/>\u00c7ift\u00e7ilerden Mustafa Ke\u015fkeko\u011flu, &#8220;\u00d6zellikle \u015fiddetli ya\u011fmurlarda sel olu\u015fuyor. \u00dcz\u00fcm zaman\u0131 olunca ba\u011flara girmek zor oluyor. Bu nedenle be\u015f ba\u011fc\u0131 arkada\u015fla birlikte masraflar\u0131 ortak kar\u015f\u0131lay\u0131p 400 metrelik b\u00f6l\u00fcm\u00fc betonlad\u0131k. T\u00fcm masraf ve i\u015f\u00e7ilik bize ait oldu, imece usul\u00fc yapt\u0131k. Her \u015feyi devletten beklemek gerekmez&#8221; dedi.<br \/>\n<br \/>\u00c7ift\u00e7ilerin bu \u00f6rnek \u00e7al\u0131\u015fmas\u0131 mahalle sakinleri taraf\u0131ndan da takdirle kar\u015f\u0131land\u0131.<br \/><\/p>\n","protected":false},"excerpt":{"rendered":"<p>Manisa\u2019n\u0131n Sar\u0131g\u00f6l il\u00e7esi Bahad\u0131rlar Mahallesi\u2019nde be\u015f \u00fcz\u00fcm \u00fcreticisi, sel sular\u0131na kar\u015f\u0131 400 metrelik dere yata\u011f\u0131n\u0131 kendi imkanlar\u0131yla betonlad\u0131. Manisa\u2019n\u0131n Sar\u0131g\u00f6l il\u00e7esine ba\u011fl\u0131 Bahad\u0131rlar Mahallesi\u2019nde \u00fcz\u00fcm \u00fcreticileri, her y\u0131l sel ta\u015fk\u0131nlar\u0131na neden olan derenin riskli b\u00f6l\u00fcm\u00fcnde imece usul\u00fcyle \u00e7al\u0131\u015fma yaparak \u00f6rnek bir dayan\u0131\u015fma sergiledi. \u00dcz\u00fcm \u00fcreticileri, \u00f6zellikle hasat d\u00f6neminde ba\u011flara zarar veren sel sular\u0131n\u0131 \u00f6nlemek amac\u0131yla&#8230;<\/p>\n","protected":false},"author":1,"featured_media":57786,"comment_status":"open","ping_status":"open","sticky":false,"template":"","format":"standard","meta":{"_crdt_document":"","footnotes":""},"categories":[1],"tags":[],"class_list":["post-57785","post","type-post","status-publish","format-standard","has-post-thumbnail","hentry","category-guncel"],"_links":{"self":[{"href":"https:\/\/www.egemtv.com\/index.php?rest_route=\/wp\/v2\/posts\/57785","targetHints":{"allow":["GET"]}}],"collection":[{"href":"https:\/\/www.egemtv.com\/index.php?rest_route=\/wp\/v2\/posts"}],"about":[{"href":"https:\/\/www.egemtv.com\/index.php?rest_route=\/wp\/v2\/types\/post"}],"author":[{"embeddable":true,"href":"https:\/\/www.egemtv.com\/index.php?rest_route=\/wp\/v2\/users\/1"}],"replies":[{"embeddable":true,"href":"https:\/\/www.egemtv.com\/index.php?rest_route=%2Fwp%2Fv2%2Fcomments&post=57785"}],"version-history":[{"count":1,"href":"https:\/\/www.egemtv.com\/index.php?rest_route=\/wp\/v2\/posts\/57785\/revisions"}],"predecessor-version":[{"id":57787,"href":"https:\/\/www.egemtv.com\/index.php?rest_route=\/wp\/v2\/posts\/57785\/revisions\/57787"}],"wp:featuredmedia":[{"embeddable":true,"href":"https:\/\/www.egemtv.com\/index.php?rest_route=\/wp\/v2\/media\/57786"}],"wp:attachment":[{"href":"https:\/\/www.egemtv.com\/index.php?rest_route=%2Fwp%2Fv2%2Fmedia&parent=57785"}],"wp:term":[{"taxonomy":"category","embeddable":true,"href":"https:\/\/www.egemtv.com\/index.php?rest_route=%2Fwp%2Fv2%2Fcategories&post=57785"},{"taxonomy":"post_tag","embeddable":true,"href":"https:\/\/www.egemtv.com\/index.php?rest_route=%2Fwp%2Fv2%2Ftags&post=57785"}],"curies":[{"name":"wp","href":"https:\/\/api.w.org\/{rel}","templated":true}]}}