{"id":57782,"date":"2025-09-27T18:34:43","date_gmt":"2025-09-27T15:34:43","guid":{"rendered":"https:\/\/www.egemtv.com\/?p=57782"},"modified":"2025-09-27T18:34:44","modified_gmt":"2025-09-27T15:34:44","slug":"gokova-korfezinde-gezi-teknesinde-yaralanan-vatandasa-tibbi-tahliye","status":"publish","type":"post","link":"https:\/\/www.egemtv.com\/?p=57782","title":{"rendered":"G\u00f6kova K\u00f6rfezinde gezi teknesinde yaralanan vatanda\u015fa t\u0131bbi tahliye"},"content":{"rendered":"<p>Mu\u011fla\u2019n\u0131n Ula il\u00e7esi G\u00f6kova K\u00f6rfezi a\u00e7\u0131klar\u0131nda gezi teknesinde yaralanan vatanda\u015f Sahil G\u00fcvenlik ekipleri taraf\u0131ndan t\u0131bbi tahliyesi ger\u00e7ekle\u015ftirildi.<br \/>\n<br \/>Ula il\u00e7esi G\u00f6kova K\u00f6rfezi a\u00e7\u0131klar\u0131nda seyreden gezi teknesinde yaralanan vatanda\u015f i\u00e7in yard\u0131m \u00e7a\u011fr\u0131s\u0131 yap\u0131ld\u0131. Yap\u0131lan yard\u0131m \u00e7a\u011fr\u0131s\u0131 sonras\u0131 b\u00f6lgede bulunan Sahil G\u00fcvenlik ekipleri taraf\u0131ndan yaralanan vatanda\u015f k\u0131y\u0131da bekleyen 112 ambulans ekiplerine teslim edildi.<br \/><\/p>\n","protected":false},"excerpt":{"rendered":"<p>Mu\u011fla\u2019n\u0131n Ula il\u00e7esi G\u00f6kova K\u00f6rfezi a\u00e7\u0131klar\u0131nda gezi teknesinde yaralanan vatanda\u015f Sahil G\u00fcvenlik ekipleri taraf\u0131ndan t\u0131bbi tahliyesi ger\u00e7ekle\u015ftirildi. Ula il\u00e7esi G\u00f6kova K\u00f6rfezi a\u00e7\u0131klar\u0131nda seyreden gezi teknesinde yaralanan vatanda\u015f i\u00e7in yard\u0131m \u00e7a\u011fr\u0131s\u0131 yap\u0131ld\u0131. Yap\u0131lan yard\u0131m \u00e7a\u011fr\u0131s\u0131 sonras\u0131 b\u00f6lgede bulunan Sahil G\u00fcvenlik ekipleri taraf\u0131ndan yaralanan vatanda\u015f k\u0131y\u0131da bekleyen 112 ambulans ekiplerine teslim edildi.<\/p>\n","protected":false},"author":1,"featured_media":57783,"comment_status":"open","ping_status":"open","sticky":false,"template":"","format":"standard","meta":{"_crdt_document":"","footnotes":""},"categories":[2],"tags":[],"class_list":["post-57782","post","type-post","status-publish","format-standard","has-post-thumbnail","hentry","category-saglik"],"_links":{"self":[{"href":"https:\/\/www.egemtv.com\/index.php?rest_route=\/wp\/v2\/posts\/57782","targetHints":{"allow":["GET"]}}],"collection":[{"href":"https:\/\/www.egemtv.com\/index.php?rest_route=\/wp\/v2\/posts"}],"about":[{"href":"https:\/\/www.egemtv.com\/index.php?rest_route=\/wp\/v2\/types\/post"}],"author":[{"embeddable":true,"href":"https:\/\/www.egemtv.com\/index.php?rest_route=\/wp\/v2\/users\/1"}],"replies":[{"embeddable":true,"href":"https:\/\/www.egemtv.com\/index.php?rest_route=%2Fwp%2Fv2%2Fcomments&post=57782"}],"version-history":[{"count":1,"href":"https:\/\/www.egemtv.com\/index.php?rest_route=\/wp\/v2\/posts\/57782\/revisions"}],"predecessor-version":[{"id":57784,"href":"https:\/\/www.egemtv.com\/index.php?rest_route=\/wp\/v2\/posts\/57782\/revisions\/57784"}],"wp:featuredmedia":[{"embeddable":true,"href":"https:\/\/www.egemtv.com\/index.php?rest_route=\/wp\/v2\/media\/57783"}],"wp:attachment":[{"href":"https:\/\/www.egemtv.com\/index.php?rest_route=%2Fwp%2Fv2%2Fmedia&parent=57782"}],"wp:term":[{"taxonomy":"category","embeddable":true,"href":"https:\/\/www.egemtv.com\/index.php?rest_route=%2Fwp%2Fv2%2Fcategories&post=57782"},{"taxonomy":"post_tag","embeddable":true,"href":"https:\/\/www.egemtv.com\/index.php?rest_route=%2Fwp%2Fv2%2Ftags&post=57782"}],"curies":[{"name":"wp","href":"https:\/\/api.w.org\/{rel}","templated":true}]}}