{"id":57752,"date":"2025-09-27T16:17:00","date_gmt":"2025-09-27T13:17:00","guid":{"rendered":"https:\/\/www.egemtv.com\/?p=57752"},"modified":"2025-09-27T16:17:01","modified_gmt":"2025-09-27T13:17:01","slug":"manisa-fk-bodrum-fk-macinin-hazirliklarini-tamamladi","status":"publish","type":"post","link":"https:\/\/www.egemtv.com\/?p=57752","title":{"rendered":"Manisa FK, Bodrum FK ma\u00e7\u0131n\u0131n haz\u0131rl\u0131klar\u0131n\u0131 tamamlad\u0131"},"content":{"rendered":"<p>Manisa Futbol Kul\u00fcb\u00fc, Trendyol 1. Lig 8. hafta kar\u015f\u0131la\u015fmas\u0131nda sahas\u0131nda konuk edece\u011fi Bodrum FK ma\u00e7\u0131 \u00f6ncesinde son antrenman\u0131n\u0131 yaparak haz\u0131rl\u0131klar\u0131n\u0131 tamamlad\u0131.<br \/>\n<br \/>Trendyol 1. Lig 8. hafta m\u00fccadelesinde sahas\u0131nda Bodrum Futbol Kul\u00fcb\u00fc\u2019n\u00fc a\u011f\u0131rlayacak olan Manisa Futbol Kul\u00fcb\u00fc, kar\u015f\u0131la\u015fman\u0131n haz\u0131rl\u0131klar\u0131n\u0131 tamamlad\u0131.<br \/>\n<br \/>Siyah-beyazl\u0131lar, Teknik Direkt\u00f6r Taner Ta\u015fk\u0131n y\u00f6netiminde bug\u00fcn ger\u00e7ekle\u015ftirilen ter antrenman\u0131yla \u00e7al\u0131\u015fmalar\u0131n\u0131 noktalad\u0131. Yar\u0131n saat 16.00\u2019da Manisa 19 May\u0131s Stadyumu\u2019nda oynanacak ma\u00e7 \u00f6ncesi haz\u0131rl\u0131klar\u0131n\u0131 bitiren Manisa FK, kampa girerek ma\u00e7 saatini beklemeye ba\u015flad\u0131.<br \/>\n<br \/>Ligin 8. haftas\u0131na girilirken Manisa FK 7 ma\u00e7ta 2 galibiyet, 2 beraberlik ve 3 ma\u011flubiyetle ald\u0131\u011f\u0131 8 puanla 14. s\u0131rada yer al\u0131rken, Bodrum FK ise 4 galibiyet 2 beraberlik ve 1 ma\u011flubiyetle toplad\u0131\u011f\u0131 14 puanla ligde 3. s\u0131rada yer al\u0131yor. Bodrum FK, ligdeki tek ma\u011flubiyetini ligin 6. haftas\u0131nda Ankara deplasman\u0131nda Ke\u00e7i\u00f6reng\u00fcc\u00fc\u2019ne 2-1 yenilerek alm\u0131\u015ft\u0131.<br \/><\/p>\n","protected":false},"excerpt":{"rendered":"<p>Manisa Futbol Kul\u00fcb\u00fc, Trendyol 1. Lig 8. hafta kar\u015f\u0131la\u015fmas\u0131nda sahas\u0131nda konuk edece\u011fi Bodrum FK ma\u00e7\u0131 \u00f6ncesinde son antrenman\u0131n\u0131 yaparak haz\u0131rl\u0131klar\u0131n\u0131 tamamlad\u0131. Trendyol 1. Lig 8. hafta m\u00fccadelesinde sahas\u0131nda Bodrum Futbol Kul\u00fcb\u00fc\u2019n\u00fc a\u011f\u0131rlayacak olan Manisa Futbol Kul\u00fcb\u00fc, kar\u015f\u0131la\u015fman\u0131n haz\u0131rl\u0131klar\u0131n\u0131 tamamlad\u0131. Siyah-beyazl\u0131lar, Teknik Direkt\u00f6r Taner Ta\u015fk\u0131n y\u00f6netiminde bug\u00fcn ger\u00e7ekle\u015ftirilen ter antrenman\u0131yla \u00e7al\u0131\u015fmalar\u0131n\u0131 noktalad\u0131. Yar\u0131n saat 16.00\u2019da Manisa&#8230;<\/p>\n","protected":false},"author":1,"featured_media":57753,"comment_status":"open","ping_status":"open","sticky":false,"template":"","format":"standard","meta":{"_crdt_document":"","footnotes":""},"categories":[4],"tags":[],"class_list":["post-57752","post","type-post","status-publish","format-standard","has-post-thumbnail","hentry","category-spor"],"_links":{"self":[{"href":"https:\/\/www.egemtv.com\/index.php?rest_route=\/wp\/v2\/posts\/57752","targetHints":{"allow":["GET"]}}],"collection":[{"href":"https:\/\/www.egemtv.com\/index.php?rest_route=\/wp\/v2\/posts"}],"about":[{"href":"https:\/\/www.egemtv.com\/index.php?rest_route=\/wp\/v2\/types\/post"}],"author":[{"embeddable":true,"href":"https:\/\/www.egemtv.com\/index.php?rest_route=\/wp\/v2\/users\/1"}],"replies":[{"embeddable":true,"href":"https:\/\/www.egemtv.com\/index.php?rest_route=%2Fwp%2Fv2%2Fcomments&post=57752"}],"version-history":[{"count":1,"href":"https:\/\/www.egemtv.com\/index.php?rest_route=\/wp\/v2\/posts\/57752\/revisions"}],"predecessor-version":[{"id":57754,"href":"https:\/\/www.egemtv.com\/index.php?rest_route=\/wp\/v2\/posts\/57752\/revisions\/57754"}],"wp:featuredmedia":[{"embeddable":true,"href":"https:\/\/www.egemtv.com\/index.php?rest_route=\/wp\/v2\/media\/57753"}],"wp:attachment":[{"href":"https:\/\/www.egemtv.com\/index.php?rest_route=%2Fwp%2Fv2%2Fmedia&parent=57752"}],"wp:term":[{"taxonomy":"category","embeddable":true,"href":"https:\/\/www.egemtv.com\/index.php?rest_route=%2Fwp%2Fv2%2Fcategories&post=57752"},{"taxonomy":"post_tag","embeddable":true,"href":"https:\/\/www.egemtv.com\/index.php?rest_route=%2Fwp%2Fv2%2Ftags&post=57752"}],"curies":[{"name":"wp","href":"https:\/\/api.w.org\/{rel}","templated":true}]}}