{"id":57749,"date":"2025-09-27T15:54:40","date_gmt":"2025-09-27T12:54:40","guid":{"rendered":"https:\/\/www.egemtv.com\/?p=57749"},"modified":"2025-09-27T15:54:41","modified_gmt":"2025-09-27T12:54:41","slug":"koskteki-ev-yangini-korkuttu-2-cocuk-dumandan-etkilendi","status":"publish","type":"post","link":"https:\/\/www.egemtv.com\/?p=57749","title":{"rendered":"K\u00f6\u015fk\u2019teki ev yang\u0131n\u0131 korkuttu: 2 \u00e7ocuk dumandan etkilendi"},"content":{"rendered":"<p>Ayd\u0131n\u2019\u0131n Efeler il\u00e7esinde bir apartman\u0131n en \u00fcst kat\u0131nda \u00e7\u0131kan yang\u0131nda 2 \u00e7ocuk dumandan etkilenirke, yang\u0131nda ev kullan\u0131lamaz hale geldi.<br \/>\n<br \/>Yang\u0131n, K\u00f6\u015fk il\u00e7esi \u00c7ar\u015f\u0131 Mahallesi Sa\u011fl\u0131k Sokak \u00fczerinde meydana geldi. Edinilen bilgiye g\u00f6re \u00fc\u00e7 katl\u0131 bir apartman\u0131n \u00fc\u00e7\u00fcnc\u00fc kat\u0131nda hen\u00fcz bilinmeyen bir nedenle yang\u0131n \u00e7\u0131kt\u0131. Dumanlar\u0131 fark eden vatanda\u015flar durumu 112 Acil \u00c7a\u011fr\u0131 Merkezi\u2019ne bildirdi. \u0130hbar \u00fczerine b\u00f6lgeye itfaiye, polis ve sa\u011fl\u0131k ekipleri sevk edildi. K\u0131sa s\u00fcrede b\u00f6lgeye gelen ekipler, yang\u0131na m\u00fcdahale ederek s\u00f6nd\u00fcrd\u00fc. Ekiplerin u\u011fra\u015flar\u0131 sonucunda s\u00f6nd\u00fcr\u00fclen yang\u0131nda ev kullan\u0131lamaz hale gelirken, o esnada evde bulunan ve  dumandan etkilenen 2 \u00e7ocuk ilk m\u00fcdahalelerinin ard\u0131ndan ambulansla hastaneye kald\u0131r\u0131ld\u0131. \u00c7ocuklar\u0131n sa\u011fl\u0131k durumunun iyi oldu\u011fu \u00f6\u011frenilirken, itfaiye ekipleri so\u011futma \u00e7al\u0131\u015fmalar\u0131n\u0131n ard\u0131ndan yang\u0131n\u0131n kesin \u00e7\u0131k\u0131\u015f nedeninin belirlenmesi i\u00e7in inceleme ba\u015flatt\u0131.<br \/><\/p>\n","protected":false},"excerpt":{"rendered":"<p>Ayd\u0131n\u2019\u0131n Efeler il\u00e7esinde bir apartman\u0131n en \u00fcst kat\u0131nda \u00e7\u0131kan yang\u0131nda 2 \u00e7ocuk dumandan etkilenirke, yang\u0131nda ev kullan\u0131lamaz hale geldi. Yang\u0131n, K\u00f6\u015fk il\u00e7esi \u00c7ar\u015f\u0131 Mahallesi Sa\u011fl\u0131k Sokak \u00fczerinde meydana geldi. Edinilen bilgiye g\u00f6re \u00fc\u00e7 katl\u0131 bir apartman\u0131n \u00fc\u00e7\u00fcnc\u00fc kat\u0131nda hen\u00fcz bilinmeyen bir nedenle yang\u0131n \u00e7\u0131kt\u0131. Dumanlar\u0131 fark eden vatanda\u015flar durumu 112 Acil \u00c7a\u011fr\u0131 Merkezi\u2019ne bildirdi. \u0130hbar&#8230;<\/p>\n","protected":false},"author":1,"featured_media":57750,"comment_status":"open","ping_status":"open","sticky":false,"template":"","format":"standard","meta":{"_crdt_document":"","footnotes":""},"categories":[5],"tags":[],"class_list":["post-57749","post","type-post","status-publish","format-standard","has-post-thumbnail","hentry","category-asayis"],"_links":{"self":[{"href":"https:\/\/www.egemtv.com\/index.php?rest_route=\/wp\/v2\/posts\/57749","targetHints":{"allow":["GET"]}}],"collection":[{"href":"https:\/\/www.egemtv.com\/index.php?rest_route=\/wp\/v2\/posts"}],"about":[{"href":"https:\/\/www.egemtv.com\/index.php?rest_route=\/wp\/v2\/types\/post"}],"author":[{"embeddable":true,"href":"https:\/\/www.egemtv.com\/index.php?rest_route=\/wp\/v2\/users\/1"}],"replies":[{"embeddable":true,"href":"https:\/\/www.egemtv.com\/index.php?rest_route=%2Fwp%2Fv2%2Fcomments&post=57749"}],"version-history":[{"count":1,"href":"https:\/\/www.egemtv.com\/index.php?rest_route=\/wp\/v2\/posts\/57749\/revisions"}],"predecessor-version":[{"id":57751,"href":"https:\/\/www.egemtv.com\/index.php?rest_route=\/wp\/v2\/posts\/57749\/revisions\/57751"}],"wp:featuredmedia":[{"embeddable":true,"href":"https:\/\/www.egemtv.com\/index.php?rest_route=\/wp\/v2\/media\/57750"}],"wp:attachment":[{"href":"https:\/\/www.egemtv.com\/index.php?rest_route=%2Fwp%2Fv2%2Fmedia&parent=57749"}],"wp:term":[{"taxonomy":"category","embeddable":true,"href":"https:\/\/www.egemtv.com\/index.php?rest_route=%2Fwp%2Fv2%2Fcategories&post=57749"},{"taxonomy":"post_tag","embeddable":true,"href":"https:\/\/www.egemtv.com\/index.php?rest_route=%2Fwp%2Fv2%2Ftags&post=57749"}],"curies":[{"name":"wp","href":"https:\/\/api.w.org\/{rel}","templated":true}]}}