{"id":57746,"date":"2025-09-27T15:35:47","date_gmt":"2025-09-27T12:35:47","guid":{"rendered":"https:\/\/www.egemtv.com\/?p=57746"},"modified":"2025-09-27T15:35:48","modified_gmt":"2025-09-27T12:35:48","slug":"cezaevi-firarisi-operasyonla-yakalandi","status":"publish","type":"post","link":"https:\/\/www.egemtv.com\/?p=57746","title":{"rendered":"Cezaevi firarisi operasyonla yakaland\u0131"},"content":{"rendered":"<p>Ayd\u0131n\u2019\u0131n Efeler il\u00e7esinde 18 y\u0131l 5 ay hapis cezas\u0131 ile aranan ve cezaevi firarisi oldu\u011fu tespit edilen \u015f\u00fcpheli d\u00fczenlenen operasyonla yakaland\u0131.<br \/>\n<br \/>Ayd\u0131n \u0130l Emniyet M\u00fcd\u00fcrl\u00fc\u011f\u00fc koordinesinde aranan \u015fah\u0131slar\u0131n yakalanmas\u0131na y\u00f6nelik yap\u0131lan \u00e7al\u0131\u015fmalar aral\u0131ks\u0131z s\u00fcr\u00fcyor. Edinilen bilgiye g\u00f6re hakk\u0131nda \u2019Bina \u0130\u00e7inde Muhafaza Alt\u0131na Al\u0131nm\u0131\u015f Olan E\u015fya Hakk\u0131nda H\u0131rs\u0131zl\u0131k ile \u2019Tutuklu veya H\u00fck\u00fcml\u00fcn\u00fcn Ka\u00e7mas\u0131\u2019 su\u00e7lar\u0131ndan kesinle\u015fmi\u015f 18 y\u0131l 5 ay hapis cezas\u0131 bulunan ve cezaevi firarisi olan V.\u015e. isimli \u015fah\u0131s Asayi\u015f \u015eube M\u00fcd\u00fcrl\u00fc\u011f\u00fc Aranan \u015eah\u0131slar B\u00fcro Amirli\u011fi olarak yap\u0131lan operasyon ile Efeler il\u00e7esinde yakaland\u0131. G\u00f6zalt\u0131na al\u0131nan \u015f\u00fcpheli gerekli i\u015flemlerinin ard\u0131ndan sevk edildi\u011fi adli makamlarca tutuklanarak cezaevine g\u00f6nderildi.<br \/><\/p>\n","protected":false},"excerpt":{"rendered":"<p>Ayd\u0131n\u2019\u0131n Efeler il\u00e7esinde 18 y\u0131l 5 ay hapis cezas\u0131 ile aranan ve cezaevi firarisi oldu\u011fu tespit edilen \u015f\u00fcpheli d\u00fczenlenen operasyonla yakaland\u0131. Ayd\u0131n \u0130l Emniyet M\u00fcd\u00fcrl\u00fc\u011f\u00fc koordinesinde aranan \u015fah\u0131slar\u0131n yakalanmas\u0131na y\u00f6nelik yap\u0131lan \u00e7al\u0131\u015fmalar aral\u0131ks\u0131z s\u00fcr\u00fcyor. Edinilen bilgiye g\u00f6re hakk\u0131nda \u2019Bina \u0130\u00e7inde Muhafaza Alt\u0131na Al\u0131nm\u0131\u015f Olan E\u015fya Hakk\u0131nda H\u0131rs\u0131zl\u0131k ile \u2019Tutuklu veya H\u00fck\u00fcml\u00fcn\u00fcn Ka\u00e7mas\u0131\u2019 su\u00e7lar\u0131ndan kesinle\u015fmi\u015f 18&#8230;<\/p>\n","protected":false},"author":1,"featured_media":57747,"comment_status":"open","ping_status":"open","sticky":false,"template":"","format":"standard","meta":{"_crdt_document":"","footnotes":""},"categories":[5],"tags":[],"class_list":["post-57746","post","type-post","status-publish","format-standard","has-post-thumbnail","hentry","category-asayis"],"_links":{"self":[{"href":"https:\/\/www.egemtv.com\/index.php?rest_route=\/wp\/v2\/posts\/57746","targetHints":{"allow":["GET"]}}],"collection":[{"href":"https:\/\/www.egemtv.com\/index.php?rest_route=\/wp\/v2\/posts"}],"about":[{"href":"https:\/\/www.egemtv.com\/index.php?rest_route=\/wp\/v2\/types\/post"}],"author":[{"embeddable":true,"href":"https:\/\/www.egemtv.com\/index.php?rest_route=\/wp\/v2\/users\/1"}],"replies":[{"embeddable":true,"href":"https:\/\/www.egemtv.com\/index.php?rest_route=%2Fwp%2Fv2%2Fcomments&post=57746"}],"version-history":[{"count":1,"href":"https:\/\/www.egemtv.com\/index.php?rest_route=\/wp\/v2\/posts\/57746\/revisions"}],"predecessor-version":[{"id":57748,"href":"https:\/\/www.egemtv.com\/index.php?rest_route=\/wp\/v2\/posts\/57746\/revisions\/57748"}],"wp:featuredmedia":[{"embeddable":true,"href":"https:\/\/www.egemtv.com\/index.php?rest_route=\/wp\/v2\/media\/57747"}],"wp:attachment":[{"href":"https:\/\/www.egemtv.com\/index.php?rest_route=%2Fwp%2Fv2%2Fmedia&parent=57746"}],"wp:term":[{"taxonomy":"category","embeddable":true,"href":"https:\/\/www.egemtv.com\/index.php?rest_route=%2Fwp%2Fv2%2Fcategories&post=57746"},{"taxonomy":"post_tag","embeddable":true,"href":"https:\/\/www.egemtv.com\/index.php?rest_route=%2Fwp%2Fv2%2Ftags&post=57746"}],"curies":[{"name":"wp","href":"https:\/\/api.w.org\/{rel}","templated":true}]}}