{"id":57743,"date":"2025-09-27T15:35:45","date_gmt":"2025-09-27T12:35:45","guid":{"rendered":"https:\/\/www.egemtv.com\/?p=57743"},"modified":"2025-09-27T15:35:46","modified_gmt":"2025-09-27T12:35:46","slug":"magaza-acilisinda-izdiham-yasandi","status":"publish","type":"post","link":"https:\/\/www.egemtv.com\/?p=57743","title":{"rendered":"Ma\u011faza a\u00e7\u0131l\u0131\u015f\u0131nda izdiham ya\u015fand\u0131"},"content":{"rendered":"<p>Manisa\u2019n\u0131n Soma il\u00e7esinde a\u00e7\u0131l\u0131\u015f\u0131 yap\u0131lan bir ma\u011fazada \u00fcr\u00fcnlerin indirimli sat\u0131laca\u011f\u0131 duyurulunca y\u00fczlerce ki\u015fi ma\u011faza \u00f6n\u00fcnde uzun kuyruklar olu\u015fturdu. Kap\u0131lar\u0131n a\u00e7\u0131lmas\u0131yla izdiham ya\u015fand\u0131, baz\u0131 vatanda\u015flar ayakkab\u0131 ve tak\u0131lar\u0131n\u0131 kaybederken ezilme tehlikesi ge\u00e7irdi.<br \/>\n<br \/>Manisa\u2019n\u0131n Soma il\u00e7esinde a\u00e7\u0131l\u0131\u015f\u0131 yap\u0131lan bir ma\u011fazada indirimli sat\u0131\u015f yap\u0131laca\u011f\u0131 duyurulunca izdiham ya\u015fand\u0131.<br \/>\n<br \/>Soma\u2019n\u0131n Kurtulu\u015f Mahallesi\u2019nde a\u00e7\u0131l\u0131\u015f\u0131 ger\u00e7ekle\u015ftirilen bir z\u00fcccaciye ma\u011fazas\u0131, t\u00fcm \u00fcr\u00fcnlerde indirim uygulanaca\u011f\u0131n\u0131 a\u00e7\u0131klay\u0131nca y\u00fczlerce vatanda\u015f sabah\u0131n erken saatlerinden itibaren ma\u011faza \u00f6n\u00fcnde uzun kuyruklar olu\u015fturdu. Ma\u011faza y\u00f6netiminin bir\u00e7ok \u00fcr\u00fcn\u00fc 10 TL, 50 TL ve 100 TL gibi fiyatlarla sat\u0131\u015fa sunaca\u011f\u0131n\u0131 duyurmas\u0131 \u00fczerine vatanda\u015flar yo\u011fun ilgi g\u00f6sterdi.<br \/>\n<br \/>Kap\u0131lar\u0131n a\u00e7\u0131lmas\u0131yla birlikte i\u00e7eri girmek isteyen vatanda\u015flar birbirlerini ezercesine ma\u011fazaya girmeye \u00e7al\u0131\u015f\u0131nca izdiham ya\u015fand\u0131. A\u00e7\u0131l\u0131\u015f s\u0131ras\u0131nda ayakkab\u0131s\u0131n\u0131 kaybeden, tak\u0131s\u0131n\u0131 d\u00fc\u015f\u00fcren bir\u00e7ok ki\u015fi olurken, baz\u0131 vatanda\u015flar da ezilme tehlikesi atlatt\u0131.<br \/>\n<br \/>Ya\u015fanan yo\u011funluk nedeniyle ma\u011faza giri\u015fleri g\u00f6revliler taraf\u0131ndan k\u0131s\u0131tland\u0131r\u0131l\u0131rken, d\u0131\u015far\u0131da bekleyenler de s\u0131raya girilmeleri konusunda uyar\u0131ld\u0131. Olumsuzluk ya\u015fanmamas\u0131 i\u00e7in emniyet g\u00fc\u00e7leri de \u00e7evrede geni\u015f g\u00fcvenlik \u00f6nlemleri ald\u0131.<br \/><\/p>\n","protected":false},"excerpt":{"rendered":"<p>Manisa\u2019n\u0131n Soma il\u00e7esinde a\u00e7\u0131l\u0131\u015f\u0131 yap\u0131lan bir ma\u011fazada \u00fcr\u00fcnlerin indirimli sat\u0131laca\u011f\u0131 duyurulunca y\u00fczlerce ki\u015fi ma\u011faza \u00f6n\u00fcnde uzun kuyruklar olu\u015fturdu. Kap\u0131lar\u0131n a\u00e7\u0131lmas\u0131yla izdiham ya\u015fand\u0131, baz\u0131 vatanda\u015flar ayakkab\u0131 ve tak\u0131lar\u0131n\u0131 kaybederken ezilme tehlikesi ge\u00e7irdi. Manisa\u2019n\u0131n Soma il\u00e7esinde a\u00e7\u0131l\u0131\u015f\u0131 yap\u0131lan bir ma\u011fazada indirimli sat\u0131\u015f yap\u0131laca\u011f\u0131 duyurulunca izdiham ya\u015fand\u0131. Soma\u2019n\u0131n Kurtulu\u015f Mahallesi\u2019nde a\u00e7\u0131l\u0131\u015f\u0131 ger\u00e7ekle\u015ftirilen bir z\u00fcccaciye ma\u011fazas\u0131, t\u00fcm \u00fcr\u00fcnlerde indirim&#8230;<\/p>\n","protected":false},"author":1,"featured_media":57744,"comment_status":"open","ping_status":"open","sticky":false,"template":"","format":"standard","meta":{"_crdt_document":"","footnotes":""},"categories":[5],"tags":[],"class_list":["post-57743","post","type-post","status-publish","format-standard","has-post-thumbnail","hentry","category-asayis"],"_links":{"self":[{"href":"https:\/\/www.egemtv.com\/index.php?rest_route=\/wp\/v2\/posts\/57743","targetHints":{"allow":["GET"]}}],"collection":[{"href":"https:\/\/www.egemtv.com\/index.php?rest_route=\/wp\/v2\/posts"}],"about":[{"href":"https:\/\/www.egemtv.com\/index.php?rest_route=\/wp\/v2\/types\/post"}],"author":[{"embeddable":true,"href":"https:\/\/www.egemtv.com\/index.php?rest_route=\/wp\/v2\/users\/1"}],"replies":[{"embeddable":true,"href":"https:\/\/www.egemtv.com\/index.php?rest_route=%2Fwp%2Fv2%2Fcomments&post=57743"}],"version-history":[{"count":1,"href":"https:\/\/www.egemtv.com\/index.php?rest_route=\/wp\/v2\/posts\/57743\/revisions"}],"predecessor-version":[{"id":57745,"href":"https:\/\/www.egemtv.com\/index.php?rest_route=\/wp\/v2\/posts\/57743\/revisions\/57745"}],"wp:featuredmedia":[{"embeddable":true,"href":"https:\/\/www.egemtv.com\/index.php?rest_route=\/wp\/v2\/media\/57744"}],"wp:attachment":[{"href":"https:\/\/www.egemtv.com\/index.php?rest_route=%2Fwp%2Fv2%2Fmedia&parent=57743"}],"wp:term":[{"taxonomy":"category","embeddable":true,"href":"https:\/\/www.egemtv.com\/index.php?rest_route=%2Fwp%2Fv2%2Fcategories&post=57743"},{"taxonomy":"post_tag","embeddable":true,"href":"https:\/\/www.egemtv.com\/index.php?rest_route=%2Fwp%2Fv2%2Ftags&post=57743"}],"curies":[{"name":"wp","href":"https:\/\/api.w.org\/{rel}","templated":true}]}}