{"id":57740,"date":"2025-09-27T15:35:44","date_gmt":"2025-09-27T12:35:44","guid":{"rendered":"https:\/\/www.egemtv.com\/?p=57740"},"modified":"2025-09-27T15:35:45","modified_gmt":"2025-09-27T12:35:45","slug":"kemalpasada-ahilik-haftasi-programi-duzenlendi","status":"publish","type":"post","link":"https:\/\/www.egemtv.com\/?p=57740","title":{"rendered":"Kemalpa\u015fa\u2019da Ahilik Haftas\u0131 program\u0131 d\u00fczenlendi"},"content":{"rendered":"<p>\u0130zmir\u2019in Kemalpa\u015fa il\u00e7esinde Ahilik Haftas\u0131 kapsam\u0131nda kutlama program\u0131 d\u00fczenlendi.<br \/>\n<br \/>Kemalpa\u015fa il\u00e7esinde 38. Ahilik Haftas\u0131 ger\u00e7ekle\u015ftirildi. K\u00fc\u00e7\u00fck Sanayi Sitesi\u2019nde esnaflarca d\u00fczenlenen programda Kur\u2019an okunarak dua edildi, lokma d\u00f6k\u00fclerek misafirlerle ikram edildi. Etkinli\u011fe AK Parti Konya Milletvekili \u00dcnal Karaman, Kemalpa\u015fa Kaymakam\u0131 Musa Sar\u0131, Cumhuriyet Ba\u015fsavc\u0131s\u0131 Bahad\u0131r Bilen, AK Parti \u0130l\u00e7e Ba\u015fkan\u0131 Dr. Metin Ya\u015far, Kemalpa\u015fa Esnaf ve Sanatkarlar Odas\u0131 Ba\u015fkan\u0131 Temel K\u00fc\u00e7\u00fck, K\u00fc\u00e7\u00fck Sanayi Sitesi Derne\u011fi Ba\u015fkan\u0131 Osman Y\u0131ld\u0131z ile sanayi esnaf\u0131 kat\u0131ld\u0131.<br \/>\n<br \/>Programda konu\u015fan Kaymakam Musa Sar\u0131, Ahilik te\u015fkilat\u0131n\u0131n tarihi, \u00f6nemi ve izledi\u011fi yola de\u011finerek sanayinin ihtiyac\u0131 olan yeti\u015fmi\u015f elaman s\u0131k\u0131nt\u0131s\u0131n\u0131n \u00f6n\u00fcne ge\u00e7mek i\u00e7in meslek liselerine ve \u00e7\u0131rakl\u0131k okulu olarak bilinen mesleki e\u011fitim merkezlerine (MESEM) kay\u0131t say\u0131s\u0131n\u0131n art\u0131r\u0131lmas\u0131 i\u00e7in Milli E\u011fitim Bakanl\u0131\u011f\u0131\u2019n\u0131n te\u015fvikleri do\u011frultusunda, \u0130zmir Valili\u011fi \u00f6nc\u00fcl\u00fc\u011f\u00fcnde y\u00fcr\u00fctt\u00fckleri \u00e7al\u0131\u015fmalar kapsam\u0131nda yeni b\u00f6l\u00fcmler a\u00e7\u0131ld\u0131\u011f\u0131n\u0131, fabrika ve sanayi sitelerinde de s\u0131n\u0131flar a\u00e7\u0131larak \u00e7al\u0131\u015fma ortamlar\u0131 i\u00e7erisinde mesleki e\u011fitimlerin s\u00fcrd\u00fcr\u00fcld\u00fc\u011f\u00fcn\u00fc s\u00f6yledi. Kaymakam Sar\u0131, al\u0131n teri ile ekme\u011fini kazanan sanayi esnaf\u0131 ve emek\u00e7ilerine hay\u0131rl\u0131 kazan\u00e7lar dilediklerini ifade etti.<br \/>\n<br \/>AK Parti Konya Milletvekili \u00dcnal Karaman da yapt\u0131\u011f\u0131 konu\u015fmada t\u00fcm esnaf\u0131n her zaman yan\u0131nda olduklar\u0131n\u0131, al\u0131n teri ile ekme\u011fini kazanan herkese sayg\u0131 duyduklar\u0131n\u0131, \u00f6nemsediklerini ve kendilerine iletilen t\u00fcm sorunlar\u0131 ilgili makamlara ileterek \u00e7\u00f6z\u00fcm\u00fc i\u00e7in gereken \u00e7al\u0131\u015fmalar\u0131 y\u00fcr\u00fctt\u00fcklerini ifade etti.<br \/><\/p>\n","protected":false},"excerpt":{"rendered":"<p>\u0130zmir\u2019in Kemalpa\u015fa il\u00e7esinde Ahilik Haftas\u0131 kapsam\u0131nda kutlama program\u0131 d\u00fczenlendi. Kemalpa\u015fa il\u00e7esinde 38. Ahilik Haftas\u0131 ger\u00e7ekle\u015ftirildi. K\u00fc\u00e7\u00fck Sanayi Sitesi\u2019nde esnaflarca d\u00fczenlenen programda Kur\u2019an okunarak dua edildi, lokma d\u00f6k\u00fclerek misafirlerle ikram edildi. Etkinli\u011fe AK Parti Konya Milletvekili \u00dcnal Karaman, Kemalpa\u015fa Kaymakam\u0131 Musa Sar\u0131, Cumhuriyet Ba\u015fsavc\u0131s\u0131 Bahad\u0131r Bilen, AK Parti \u0130l\u00e7e Ba\u015fkan\u0131 Dr. Metin Ya\u015far, Kemalpa\u015fa Esnaf ve&#8230;<\/p>\n","protected":false},"author":1,"featured_media":57741,"comment_status":"open","ping_status":"open","sticky":false,"template":"","format":"standard","meta":{"_crdt_document":"","footnotes":""},"categories":[1],"tags":[],"class_list":["post-57740","post","type-post","status-publish","format-standard","has-post-thumbnail","hentry","category-guncel"],"_links":{"self":[{"href":"https:\/\/www.egemtv.com\/index.php?rest_route=\/wp\/v2\/posts\/57740","targetHints":{"allow":["GET"]}}],"collection":[{"href":"https:\/\/www.egemtv.com\/index.php?rest_route=\/wp\/v2\/posts"}],"about":[{"href":"https:\/\/www.egemtv.com\/index.php?rest_route=\/wp\/v2\/types\/post"}],"author":[{"embeddable":true,"href":"https:\/\/www.egemtv.com\/index.php?rest_route=\/wp\/v2\/users\/1"}],"replies":[{"embeddable":true,"href":"https:\/\/www.egemtv.com\/index.php?rest_route=%2Fwp%2Fv2%2Fcomments&post=57740"}],"version-history":[{"count":1,"href":"https:\/\/www.egemtv.com\/index.php?rest_route=\/wp\/v2\/posts\/57740\/revisions"}],"predecessor-version":[{"id":57742,"href":"https:\/\/www.egemtv.com\/index.php?rest_route=\/wp\/v2\/posts\/57740\/revisions\/57742"}],"wp:featuredmedia":[{"embeddable":true,"href":"https:\/\/www.egemtv.com\/index.php?rest_route=\/wp\/v2\/media\/57741"}],"wp:attachment":[{"href":"https:\/\/www.egemtv.com\/index.php?rest_route=%2Fwp%2Fv2%2Fmedia&parent=57740"}],"wp:term":[{"taxonomy":"category","embeddable":true,"href":"https:\/\/www.egemtv.com\/index.php?rest_route=%2Fwp%2Fv2%2Fcategories&post=57740"},{"taxonomy":"post_tag","embeddable":true,"href":"https:\/\/www.egemtv.com\/index.php?rest_route=%2Fwp%2Fv2%2Ftags&post=57740"}],"curies":[{"name":"wp","href":"https:\/\/api.w.org\/{rel}","templated":true}]}}