{"id":57734,"date":"2025-09-27T15:35:41","date_gmt":"2025-09-27T12:35:41","guid":{"rendered":"https:\/\/www.egemtv.com\/?p=57734"},"modified":"2025-09-27T15:35:43","modified_gmt":"2025-09-27T12:35:43","slug":"muglada-su-deposu-calismalarinda-tarihi-eserler-bulundu-alan-koruma-altina-alindi","status":"publish","type":"post","link":"https:\/\/www.egemtv.com\/?p=57734","title":{"rendered":"Mu\u011fla\u2019da su deposu \u00e7al\u0131\u015fmalar\u0131nda tarihi eserler bulundu, alan koruma alt\u0131na al\u0131nd\u0131"},"content":{"rendered":"<p>Mente\u015fe il\u00e7esinde sulama deposu \u00e7al\u0131\u015fmalar\u0131 s\u0131ras\u0131nda yap\u0131lan kaz\u0131larda tarihi eseler bulundu. \u00c7al\u0131\u015fmalar durduruldu, alan g\u00fcvenlik \u015feridiyle korumaya al\u0131nd\u0131, polis ekipleri b\u00f6lgede n\u00f6bet tutuyor.<br \/>\n<br \/>Mu\u011fla\u2019n\u0131n Mente\u015fe il\u00e7esi Muslihittin Mahallesi\u2019nde Mu\u011fla B\u00fcy\u00fck\u015fehir Belediyesi taraf\u0131ndan ye\u015fil alanlar\u0131n sulanmas\u0131nda kullan\u0131lmak \u00fczere yap\u0131lan sulama deposu \u00e7al\u0131\u015fmalar\u0131nda yap\u0131lan kaz\u0131larda tarihi eserler bulundu.<br \/>\n<br \/>\u00c7al\u0131\u015fmalar s\u0131ras\u0131nda bulunan tarihi eser niteli\u011findeki objeler \u00fczerine durum yetkililere bildirilerek \u00e7al\u0131\u015fmalar durduruldu, alan g\u00fcvenlik \u015feridiyle kapat\u0131larak koruma alt\u0131na al\u0131nd\u0131. Polis ekipleri b\u00f6lgede n\u00f6bet tutuyor.<br \/>\n<br \/>Alan koruma alt\u0131na al\u0131nd\u0131<br \/>\n<br \/>Mu\u011fla \u0130l K\u00fclt\u00fcr ve Turizm M\u00fcd\u00fcrl\u00fc\u011f\u00fc\u2019nden edinilen bilgilere g\u00f6re, alan\u0131n koruma alt\u0131na al\u0131nd\u0131\u011f\u0131 ve birka\u00e7 g\u00fcn i\u00e7inde kaz\u0131 \u00e7al\u0131\u015fmalar\u0131n\u0131n ba\u015flat\u0131laca\u011f\u0131 \u00f6\u011frenildi.  Bulunan eserlerin hangi d\u00f6neme ait oldu\u011fu ise ilerleyen g\u00fcnlerde yap\u0131lacak incelemelerin ard\u0131ndan netle\u015fece\u011fi \u00f6\u011frenildi.<br \/><\/p>\n","protected":false},"excerpt":{"rendered":"<p>Mente\u015fe il\u00e7esinde sulama deposu \u00e7al\u0131\u015fmalar\u0131 s\u0131ras\u0131nda yap\u0131lan kaz\u0131larda tarihi eseler bulundu. \u00c7al\u0131\u015fmalar durduruldu, alan g\u00fcvenlik \u015feridiyle korumaya al\u0131nd\u0131, polis ekipleri b\u00f6lgede n\u00f6bet tutuyor. Mu\u011fla\u2019n\u0131n Mente\u015fe il\u00e7esi Muslihittin Mahallesi\u2019nde Mu\u011fla B\u00fcy\u00fck\u015fehir Belediyesi taraf\u0131ndan ye\u015fil alanlar\u0131n sulanmas\u0131nda kullan\u0131lmak \u00fczere yap\u0131lan sulama deposu \u00e7al\u0131\u015fmalar\u0131nda yap\u0131lan kaz\u0131larda tarihi eserler bulundu. \u00c7al\u0131\u015fmalar s\u0131ras\u0131nda bulunan tarihi eser niteli\u011findeki objeler \u00fczerine durum&#8230;<\/p>\n","protected":false},"author":1,"featured_media":57735,"comment_status":"open","ping_status":"open","sticky":false,"template":"","format":"standard","meta":{"_crdt_document":"","footnotes":""},"categories":[1],"tags":[],"class_list":["post-57734","post","type-post","status-publish","format-standard","has-post-thumbnail","hentry","category-guncel"],"_links":{"self":[{"href":"https:\/\/www.egemtv.com\/index.php?rest_route=\/wp\/v2\/posts\/57734","targetHints":{"allow":["GET"]}}],"collection":[{"href":"https:\/\/www.egemtv.com\/index.php?rest_route=\/wp\/v2\/posts"}],"about":[{"href":"https:\/\/www.egemtv.com\/index.php?rest_route=\/wp\/v2\/types\/post"}],"author":[{"embeddable":true,"href":"https:\/\/www.egemtv.com\/index.php?rest_route=\/wp\/v2\/users\/1"}],"replies":[{"embeddable":true,"href":"https:\/\/www.egemtv.com\/index.php?rest_route=%2Fwp%2Fv2%2Fcomments&post=57734"}],"version-history":[{"count":1,"href":"https:\/\/www.egemtv.com\/index.php?rest_route=\/wp\/v2\/posts\/57734\/revisions"}],"predecessor-version":[{"id":57736,"href":"https:\/\/www.egemtv.com\/index.php?rest_route=\/wp\/v2\/posts\/57734\/revisions\/57736"}],"wp:featuredmedia":[{"embeddable":true,"href":"https:\/\/www.egemtv.com\/index.php?rest_route=\/wp\/v2\/media\/57735"}],"wp:attachment":[{"href":"https:\/\/www.egemtv.com\/index.php?rest_route=%2Fwp%2Fv2%2Fmedia&parent=57734"}],"wp:term":[{"taxonomy":"category","embeddable":true,"href":"https:\/\/www.egemtv.com\/index.php?rest_route=%2Fwp%2Fv2%2Fcategories&post=57734"},{"taxonomy":"post_tag","embeddable":true,"href":"https:\/\/www.egemtv.com\/index.php?rest_route=%2Fwp%2Fv2%2Ftags&post=57734"}],"curies":[{"name":"wp","href":"https:\/\/api.w.org\/{rel}","templated":true}]}}