{"id":57731,"date":"2025-09-27T15:14:57","date_gmt":"2025-09-27T12:14:57","guid":{"rendered":"https:\/\/www.egemtv.com\/?p=57731"},"modified":"2025-09-27T15:14:58","modified_gmt":"2025-09-27T12:14:58","slug":"ata-tohumundan-gelen-miras-yayla-kavunu-karabaglarda-yuz-yillardir-yasatiliyor","status":"publish","type":"post","link":"https:\/\/www.egemtv.com\/?p=57731","title":{"rendered":"Ata tohumundan gelen miras: Yayla kavunu Karaba\u011flar\u2019da y\u00fcz y\u0131llard\u0131r ya\u015fat\u0131l\u0131yor"},"content":{"rendered":"<p>D\u00fcnyan\u0131n\u0131n \u00e7\u0131k\u0131lan de\u011fil, inilen tek yaylas\u0131 Mu\u011fla\u2019n\u0131n Mente\u015fe il\u00e7esindeki Karaba\u011flar yaylas\u0131nda yeki\u015fen \u2019Yayla Kavunu\u2019 i\u00e7in hasat \u015fenli\u011fi d\u00fczenlendi. Mu\u011fla Tar\u0131m ve Orman \u0130l M\u00fcd\u00fcr\u00fc Seyfettin Baydar, Karaba\u011flar Yaylas\u0131\u2019nda d\u00fczenlenen hasat \u015fenli\u011finde \u00fcreticilerle bir araya gelerek ata tohumlar\u0131na sahip \u00e7\u0131kma ve geleneksel lezzetleri ya\u015fatma konusundaki \u00e7al\u0131\u015fmalara dikkat \u00e7ekti.<br \/>\n<br \/>\u0130l M\u00fcd\u00fcr\u00fc Baydar, Karaba\u011flar yaylas\u0131nda yeti\u015fen kavunun co\u011frafi i\u015faret belgesi alma s\u00fcrecinin s\u00fcrd\u00fc\u011f\u00fcn\u00fc belirterek, Yayla Kavunu\u2019nun hem e\u015fsiz lezzeti, hem de k\u0131\u015f boyunca dayan\u0131kl\u0131l\u0131\u011f\u0131 ile hak etti\u011fi ilgiyi g\u00f6rmesi gerekti\u011fini ifade etti.<br \/>\n<br \/>T\u00fct\u00fcn \u00fcretiminin azalmas\u0131yla birlikte yaylada yeniden canlanan geleneksel tar\u0131m \u00fcr\u00fcnlerinin \u00f6nemine de\u011finen Mu\u011fla Tar\u0131m ve Orman \u0130l M\u00fcd\u00fcr\u00fc Baydar, &#8220;Buras\u0131 \u00f6zel bir co\u011frafya. Y\u00fcz y\u0131llard\u0131r devam eden bu \u00fcretim d\u00f6ng\u00fcs\u00fc, b\u00f6lgenin k\u00fclt\u00fcr\u00fcn\u00fc ve tar\u0131msal kimli\u011fini yans\u0131t\u0131yor. Biz de \u00fcreticimizin yan\u0131nda olmaya devam ediyoruz&#8221; dedi.<br \/>\n<br \/>Kavun \u00dcreticisi Mehmet Dural ise bu \u00fcretimin dede mesle\u011fi oldu\u011funu belirterek, her y\u0131l yakla\u015f\u0131k 60 d\u00f6n\u00fcm alanda ekim yapt\u0131\u011f\u0131n\u0131 s\u00f6yledi. Dural, &#8220;Yayla Kavunu, P\u0131trak ve Paris \u00e7e\u015fitlerini ekiyoruz. Vatanda\u015f\u0131m\u0131z da biz de memnunuz. Tar\u0131m \u0130l M\u00fcd\u00fcrl\u00fc\u011f\u00fc\u2019n\u00fcn te\u015fvikleriyle \u00fcretime devam ediyoruz. Allah raz\u0131 olsun&#8221; ifadelerini kulland\u0131.<br \/><\/p>\n","protected":false},"excerpt":{"rendered":"<p>D\u00fcnyan\u0131n\u0131n \u00e7\u0131k\u0131lan de\u011fil, inilen tek yaylas\u0131 Mu\u011fla\u2019n\u0131n Mente\u015fe il\u00e7esindeki Karaba\u011flar yaylas\u0131nda yeki\u015fen \u2019Yayla Kavunu\u2019 i\u00e7in hasat \u015fenli\u011fi d\u00fczenlendi. Mu\u011fla Tar\u0131m ve Orman \u0130l M\u00fcd\u00fcr\u00fc Seyfettin Baydar, Karaba\u011flar Yaylas\u0131\u2019nda d\u00fczenlenen hasat \u015fenli\u011finde \u00fcreticilerle bir araya gelerek ata tohumlar\u0131na sahip \u00e7\u0131kma ve geleneksel lezzetleri ya\u015fatma konusundaki \u00e7al\u0131\u015fmalara dikkat \u00e7ekti. \u0130l M\u00fcd\u00fcr\u00fc Baydar, Karaba\u011flar yaylas\u0131nda yeti\u015fen kavunun co\u011frafi&#8230;<\/p>\n","protected":false},"author":1,"featured_media":57732,"comment_status":"open","ping_status":"open","sticky":false,"template":"","format":"standard","meta":{"_crdt_document":"","footnotes":""},"categories":[1],"tags":[],"class_list":["post-57731","post","type-post","status-publish","format-standard","has-post-thumbnail","hentry","category-guncel"],"_links":{"self":[{"href":"https:\/\/www.egemtv.com\/index.php?rest_route=\/wp\/v2\/posts\/57731","targetHints":{"allow":["GET"]}}],"collection":[{"href":"https:\/\/www.egemtv.com\/index.php?rest_route=\/wp\/v2\/posts"}],"about":[{"href":"https:\/\/www.egemtv.com\/index.php?rest_route=\/wp\/v2\/types\/post"}],"author":[{"embeddable":true,"href":"https:\/\/www.egemtv.com\/index.php?rest_route=\/wp\/v2\/users\/1"}],"replies":[{"embeddable":true,"href":"https:\/\/www.egemtv.com\/index.php?rest_route=%2Fwp%2Fv2%2Fcomments&post=57731"}],"version-history":[{"count":1,"href":"https:\/\/www.egemtv.com\/index.php?rest_route=\/wp\/v2\/posts\/57731\/revisions"}],"predecessor-version":[{"id":57733,"href":"https:\/\/www.egemtv.com\/index.php?rest_route=\/wp\/v2\/posts\/57731\/revisions\/57733"}],"wp:featuredmedia":[{"embeddable":true,"href":"https:\/\/www.egemtv.com\/index.php?rest_route=\/wp\/v2\/media\/57732"}],"wp:attachment":[{"href":"https:\/\/www.egemtv.com\/index.php?rest_route=%2Fwp%2Fv2%2Fmedia&parent=57731"}],"wp:term":[{"taxonomy":"category","embeddable":true,"href":"https:\/\/www.egemtv.com\/index.php?rest_route=%2Fwp%2Fv2%2Fcategories&post=57731"},{"taxonomy":"post_tag","embeddable":true,"href":"https:\/\/www.egemtv.com\/index.php?rest_route=%2Fwp%2Fv2%2Ftags&post=57731"}],"curies":[{"name":"wp","href":"https:\/\/api.w.org\/{rel}","templated":true}]}}