{"id":57728,"date":"2025-09-27T15:14:56","date_gmt":"2025-09-27T12:14:56","guid":{"rendered":"https:\/\/www.egemtv.com\/?p=57728"},"modified":"2025-09-27T15:14:57","modified_gmt":"2025-09-27T12:14:57","slug":"goktepe-dayanisma-ve-kultur-festivali-kortej-yuruyusuyle-basladi","status":"publish","type":"post","link":"https:\/\/www.egemtv.com\/?p=57728","title":{"rendered":"G\u00f6ktepe Dayan\u0131\u015fma ve K\u00fclt\u00fcr festivali kortej y\u00fcr\u00fcy\u00fc\u015f\u00fcyle ba\u015flad\u0131"},"content":{"rendered":"<p>Mu\u011fla\u2019n\u0131n Mente\u015fe il\u00e7esine ba\u011fl\u0131 k\u0131rsal G\u00f6ktepe Mahallesi\u2019nde, geleneksel hale gelen 11. G\u00f6ktepe Dayan\u0131\u015fma ve K\u00fclt\u00fcr Festivali, kortej y\u00fcr\u00fcy\u00fc\u015f\u00fc ile ba\u015flad\u0131.<br \/>\n<br \/>11. G\u00f6ktepe K\u00fclt\u00fcr ve Dayan\u0131\u015fma Festivali\u2019nde mahalle sakinlerinin a\u00e7t\u0131\u011f\u0131 stantlarda y\u00f6resel \u00fcr\u00fcnler sergilenirken, G\u00f6ktepeli kad\u0131nlar halk oyunlar\u0131n\u0131 sergiledi. Festivalde \u00e7e\u015fitli sanat\u00e7\u0131lar\u0131n sahne ald\u0131\u011f\u0131 etkinlik g\u00fcn boyu devam etti.<br \/>\n<br \/>Mente\u015fe Belediye Ba\u015fkan\u0131 K\u00f6ksal Aras: &#8220;Birlik ve beraberlik i\u00e7in gelene\u011fimizi s\u00fcrd\u00fcrece\u011fiz&#8221;<br \/>\n<br \/>Mente\u015fe Belediye Ba\u015fkan\u0131 Gonca K\u00f6ksal Aras, G\u00f6ktepe\u2019nin e\u015fsiz do\u011fas\u0131n\u0131 ve festivalin k\u00fclt\u00fcrel \u00f6nemini vurgulad\u0131. &#8220;Evet, bu mis gibi sonbahar havas\u0131nda, bir hafta sonu, hepimiz \u00e7\u0131k\u0131p geldik G\u00f6ktepe\u2019ye. Ger\u00e7ekten bamba\u015fka bir do\u011fas\u0131, mis gibi havas\u0131, yemye\u015fil etraf\u0131nda ormanlar\u0131, tertemiz suyu, bizim g\u00f6z bebe\u011fimiz G\u00f6ktepe&#8221; diyen Aras, \u015funlar\u0131 ekledi: &#8220;Bu y\u0131l 11\u2019incisini yap\u0131yoruz. Peki acaba niye biz defalarca, her sene bu \u015fenlikleri d\u00fczenli bir bi\u00e7imde ger\u00e7ekle\u015ftiriyoruz? \u00d6ncelikle kendi \u00f6z\u00fcm\u00fcz\u00fc, gelene\u011fimizi, g\u00f6rene\u011fimizi, mutfa\u011f\u0131m\u0131z\u0131, folklor\u00fcm\u00fcz\u00fc, davulumuzu, zurnam\u0131z\u0131, halk oyunlar\u0131m\u0131z\u0131 niye korumak, bunu s\u00fcrd\u00fcrmek niye bu kadar \u00f6nemli? Birli\u011fimiz i\u00e7in, beraberli\u011fimiz i\u00e7in. Mutlaka ge\u00e7mi\u015fimizi bilip evlatlar\u0131m\u0131za anlataca\u011f\u0131z ki daha ayd\u0131nl\u0131k bir gelece\u011fi birlikte kuraca\u011f\u0131z&#8221;<br \/>\n<br \/>Mu\u011fla B\u00fcy\u00fck\u015fehir Belediye Ba\u015fkan\u0131 Ahmet Aras: &#8220;G\u00f6ktepe elbirli\u011fiyle sahip \u00e7\u0131k\u0131yor&#8221;<br \/>\n<br \/>Mu\u011fla B\u00fcy\u00fck\u015fehir Belediye Ba\u015fkan\u0131 Ahmet Aras ise Mu\u011fla\u2019n\u0131n k\u00fclt\u00fcrel zenginli\u011fine dikkat \u00e7ekti. &#8220;\u00d6zellikle k\u00fclt\u00fcrel a\u00e7\u0131dan, T\u00fcrkiye\u2019nin, Anadolu\u2019nun en \u00f6nemli merkezlerinden de bir tanesi. \u00c7\u00fcnk\u00fc hem Akdeniz ve Ege K\u00fclt\u00fcr\u00fc, hem de bir taraftan Orta Asya\u2019dan kopup gelen Y\u00f6r\u00fcklerin, T\u00fcrkmenlerin, O\u011fuz T\u00fcrklerinin k\u00fclt\u00fcr\u00fc burada harmanlanm\u0131\u015f durumda&#8221; dedi.<br \/>\n<br \/>Aras, as\u0131l k\u0131ymetin yerel halk\u0131n sahip \u00e7\u0131kmas\u0131nda oldu\u011funu belirterek, &#8220;Hele bu b\u00f6lgede, k\u00fclt\u00fcr\u00fcm\u00fcz tam olarak ya\u015fat\u0131l\u0131yor. Tabii, Say\u0131n Valimizin, bizlerin de gayretleri var ama as\u0131l k\u0131ymetli olan o k\u00f6yde ya\u015fayan insanlar\u0131n buna el vermesi, buna sahip \u00e7\u0131kmas\u0131. Ben bunu en g\u00fczel G\u00f6ktepe\u2019de g\u00f6r\u00fcyorum. \u015eu koca Mu\u011fla\u2019da dola\u015f\u0131yorum. Bu G\u00f6ktepeliler kadar birbirine ba\u011fl\u0131, bu g\u00fczel \u015fenlikleri hep beraber elbirli\u011fiyle g\u00f6n\u00fcl g\u00f6n\u00fcle yapan daha ba\u015fka bir k\u00f6ye g\u00f6rmedim. Hepinizi kutluyorum arkada\u015flar,&#8221; ifadelerini kulland\u0131.<br \/>\n<br \/>Mu\u011fla Valisi Dr. \u0130dris Akb\u0131y\u0131k: &#8220;N\u00fcfus azalmas\u0131 Milli G\u00fcvenlik sorunu&#8221;<br \/>\n<br \/>Mu\u011fla Valisi Dr. \u0130dris Akb\u0131y\u0131k, organizasyonun ba\u015far\u0131s\u0131ndan dolay\u0131 eme\u011fi ge\u00e7enleri tebrik etti. Vali Akb\u0131y\u0131k, &#8220;Kesinlikle \u00e7ok iyi organize edilmi\u015f, \u00e7ok g\u00fczel bir etkinlik. Ba\u015fta Dernek Ba\u015fkan\u0131m\u0131z\u0131, \u00fcyelerini, B\u00fcy\u00fck\u015fehir Belediyemizi, Kaymakaml\u0131\u011f\u0131m\u0131z\u0131, Mente\u015fe Belediyemizi, \u00f6zellikle de G\u00f6ktepe K\u00f6yl\u00fclerini tebrik ediyorum&#8221; dedi.<br \/>\n<br \/>Vali Akb\u0131y\u0131k, konu\u015fmas\u0131n\u0131n sonunda, G\u00f6ktepe\u2019deki n\u00fcfus azalmas\u0131na dikkat \u00e7ekerek uyar\u0131da bulundu. K\u00f6y\u00fcn n\u00fcfusunun 379 oldu\u011funu ve okuldaki \u00f6\u011frenci say\u0131s\u0131n\u0131n azl\u0131\u011f\u0131n\u0131 belirten Vali Akb\u0131y\u0131k, Cumhurba\u015fkan\u0131\u2019n\u0131n 2025 y\u0131l\u0131n\u0131 &#8220;Aile Y\u0131l\u0131&#8221; ilan etmesine de\u011findi.<br \/><\/p>\n","protected":false},"excerpt":{"rendered":"<p>Mu\u011fla\u2019n\u0131n Mente\u015fe il\u00e7esine ba\u011fl\u0131 k\u0131rsal G\u00f6ktepe Mahallesi\u2019nde, geleneksel hale gelen 11. G\u00f6ktepe Dayan\u0131\u015fma ve K\u00fclt\u00fcr Festivali, kortej y\u00fcr\u00fcy\u00fc\u015f\u00fc ile ba\u015flad\u0131. 11. G\u00f6ktepe K\u00fclt\u00fcr ve Dayan\u0131\u015fma Festivali\u2019nde mahalle sakinlerinin a\u00e7t\u0131\u011f\u0131 stantlarda y\u00f6resel \u00fcr\u00fcnler sergilenirken, G\u00f6ktepeli kad\u0131nlar halk oyunlar\u0131n\u0131 sergiledi. Festivalde \u00e7e\u015fitli sanat\u00e7\u0131lar\u0131n sahne ald\u0131\u011f\u0131 etkinlik g\u00fcn boyu devam etti. Mente\u015fe Belediye Ba\u015fkan\u0131 K\u00f6ksal Aras: &#8220;Birlik ve&#8230;<\/p>\n","protected":false},"author":1,"featured_media":57729,"comment_status":"open","ping_status":"open","sticky":false,"template":"","format":"standard","meta":{"_crdt_document":"","footnotes":""},"categories":[1],"tags":[],"class_list":["post-57728","post","type-post","status-publish","format-standard","has-post-thumbnail","hentry","category-guncel"],"_links":{"self":[{"href":"https:\/\/www.egemtv.com\/index.php?rest_route=\/wp\/v2\/posts\/57728","targetHints":{"allow":["GET"]}}],"collection":[{"href":"https:\/\/www.egemtv.com\/index.php?rest_route=\/wp\/v2\/posts"}],"about":[{"href":"https:\/\/www.egemtv.com\/index.php?rest_route=\/wp\/v2\/types\/post"}],"author":[{"embeddable":true,"href":"https:\/\/www.egemtv.com\/index.php?rest_route=\/wp\/v2\/users\/1"}],"replies":[{"embeddable":true,"href":"https:\/\/www.egemtv.com\/index.php?rest_route=%2Fwp%2Fv2%2Fcomments&post=57728"}],"version-history":[{"count":1,"href":"https:\/\/www.egemtv.com\/index.php?rest_route=\/wp\/v2\/posts\/57728\/revisions"}],"predecessor-version":[{"id":57730,"href":"https:\/\/www.egemtv.com\/index.php?rest_route=\/wp\/v2\/posts\/57728\/revisions\/57730"}],"wp:featuredmedia":[{"embeddable":true,"href":"https:\/\/www.egemtv.com\/index.php?rest_route=\/wp\/v2\/media\/57729"}],"wp:attachment":[{"href":"https:\/\/www.egemtv.com\/index.php?rest_route=%2Fwp%2Fv2%2Fmedia&parent=57728"}],"wp:term":[{"taxonomy":"category","embeddable":true,"href":"https:\/\/www.egemtv.com\/index.php?rest_route=%2Fwp%2Fv2%2Fcategories&post=57728"},{"taxonomy":"post_tag","embeddable":true,"href":"https:\/\/www.egemtv.com\/index.php?rest_route=%2Fwp%2Fv2%2Ftags&post=57728"}],"curies":[{"name":"wp","href":"https:\/\/api.w.org\/{rel}","templated":true}]}}