{"id":57725,"date":"2025-09-27T15:14:54","date_gmt":"2025-09-27T12:14:54","guid":{"rendered":"https:\/\/www.egemtv.com\/?p=57725"},"modified":"2025-09-27T15:14:55","modified_gmt":"2025-09-27T12:14:55","slug":"vali-akbiyik-ve-baskanlar-sehit-ailesini-ziyaret-etti","status":"publish","type":"post","link":"https:\/\/www.egemtv.com\/?p=57725","title":{"rendered":"Vali Akb\u0131y\u0131k ve Ba\u015fkanlar, \u015eehit Ailesini ziyaret etti"},"content":{"rendered":"<p>Mu\u011fla protokol\u00fc, 2009 y\u0131l\u0131nda Diyarbak\u0131r\u2019\u0131n Dicle il\u00e7esinde ter\u00f6ristlerle \u00e7\u0131kan \u00e7at\u0131\u015fmada \u015fehit olan Uzman \u00c7avu\u015f Berkant \u015eara\u2019n\u0131n ailesini ziyaret etti.<br \/>\n<br \/>Ziyaret, Mente\u015fe il\u00e7esine ba\u011fl\u0131 G\u00f6ktepe Mahallesi\u2019nde ya\u015fayan \u015eehit \u015eara\u2019n\u0131n anne ve babas\u0131n\u0131n evinde ger\u00e7ekle\u015fti. Aileyi ziyaret eden heyette, Mu\u011fla Valisi Dr. \u0130dris Akb\u0131y\u0131k, Mente\u015fe Kaymakam\u0131 Mehmet Eri\u015f, Mu\u011fla B\u00fcy\u00fck\u015fehir Belediye Ba\u015fkan\u0131 Ahmet Aras ve Mente\u015fe Belediye Ba\u015fkan\u0131 Gonca K\u00f6ksal Aras yer ald\u0131.<br \/>\n<br \/>Devletin ve yerel y\u00f6netimin her zaman \u015fehit ailelerinin yan\u0131nda oldu\u011fu mesaj\u0131n\u0131n verildi\u011fi ziyaret s\u0131ras\u0131nda, G\u00f6ktepe \u0130mam\u0131 Yeter Kurt taraf\u0131ndan \u015eehit Berkan \u015eara i\u00e7in Kur\u2019an-\u0131 Kerim okundu ve dualar edildi.<br \/><\/p>\n","protected":false},"excerpt":{"rendered":"<p>Mu\u011fla protokol\u00fc, 2009 y\u0131l\u0131nda Diyarbak\u0131r\u2019\u0131n Dicle il\u00e7esinde ter\u00f6ristlerle \u00e7\u0131kan \u00e7at\u0131\u015fmada \u015fehit olan Uzman \u00c7avu\u015f Berkant \u015eara\u2019n\u0131n ailesini ziyaret etti. Ziyaret, Mente\u015fe il\u00e7esine ba\u011fl\u0131 G\u00f6ktepe Mahallesi\u2019nde ya\u015fayan \u015eehit \u015eara\u2019n\u0131n anne ve babas\u0131n\u0131n evinde ger\u00e7ekle\u015fti. Aileyi ziyaret eden heyette, Mu\u011fla Valisi Dr. \u0130dris Akb\u0131y\u0131k, Mente\u015fe Kaymakam\u0131 Mehmet Eri\u015f, Mu\u011fla B\u00fcy\u00fck\u015fehir Belediye Ba\u015fkan\u0131 Ahmet Aras ve Mente\u015fe Belediye&#8230;<\/p>\n","protected":false},"author":1,"featured_media":57726,"comment_status":"open","ping_status":"open","sticky":false,"template":"","format":"standard","meta":{"_crdt_document":"","footnotes":""},"categories":[123],"tags":[],"class_list":["post-57725","post","type-post","status-publish","format-standard","has-post-thumbnail","hentry","category-gundem"],"_links":{"self":[{"href":"https:\/\/www.egemtv.com\/index.php?rest_route=\/wp\/v2\/posts\/57725","targetHints":{"allow":["GET"]}}],"collection":[{"href":"https:\/\/www.egemtv.com\/index.php?rest_route=\/wp\/v2\/posts"}],"about":[{"href":"https:\/\/www.egemtv.com\/index.php?rest_route=\/wp\/v2\/types\/post"}],"author":[{"embeddable":true,"href":"https:\/\/www.egemtv.com\/index.php?rest_route=\/wp\/v2\/users\/1"}],"replies":[{"embeddable":true,"href":"https:\/\/www.egemtv.com\/index.php?rest_route=%2Fwp%2Fv2%2Fcomments&post=57725"}],"version-history":[{"count":1,"href":"https:\/\/www.egemtv.com\/index.php?rest_route=\/wp\/v2\/posts\/57725\/revisions"}],"predecessor-version":[{"id":57727,"href":"https:\/\/www.egemtv.com\/index.php?rest_route=\/wp\/v2\/posts\/57725\/revisions\/57727"}],"wp:featuredmedia":[{"embeddable":true,"href":"https:\/\/www.egemtv.com\/index.php?rest_route=\/wp\/v2\/media\/57726"}],"wp:attachment":[{"href":"https:\/\/www.egemtv.com\/index.php?rest_route=%2Fwp%2Fv2%2Fmedia&parent=57725"}],"wp:term":[{"taxonomy":"category","embeddable":true,"href":"https:\/\/www.egemtv.com\/index.php?rest_route=%2Fwp%2Fv2%2Fcategories&post=57725"},{"taxonomy":"post_tag","embeddable":true,"href":"https:\/\/www.egemtv.com\/index.php?rest_route=%2Fwp%2Fv2%2Ftags&post=57725"}],"curies":[{"name":"wp","href":"https:\/\/api.w.org\/{rel}","templated":true}]}}