{"id":57722,"date":"2025-09-27T14:35:44","date_gmt":"2025-09-27T11:35:44","guid":{"rendered":"https:\/\/www.egemtv.com\/?p=57722"},"modified":"2025-09-27T14:35:44","modified_gmt":"2025-09-27T11:35:44","slug":"kadin-kiliginda-evlerin-balkonuna-dadanan-hirsiz-tutuklandi","status":"publish","type":"post","link":"https:\/\/www.egemtv.com\/?p=57722","title":{"rendered":"Kad\u0131n k\u0131l\u0131\u011f\u0131nda evlerin balkonuna dadanan h\u0131rs\u0131z tutukland\u0131"},"content":{"rendered":"<p>Denizli\u2019de kad\u0131n k\u0131l\u0131\u011f\u0131na girerek h\u0131rs\u0131zl\u0131k yapan \u015f\u00fcpheli polis ekipleri taraf\u0131ndan yakaland\u0131. Balkon perdesi, abiye elbise ve \u015fal gibi e\u015fyalar\u0131 \u00e7alan \u015f\u00fcpheli tutukland\u0131.<br \/>\n<br \/>Denizli\u2019de kad\u0131n k\u0131l\u0131\u011f\u0131nda h\u0131rs\u0131zl\u0131k yapt\u0131\u011f\u0131 anlar\u0131 g\u00fcvenlik kameras\u0131na yans\u0131yan \u015f\u00fcpheli sosyal medyada g\u00fcndem oldu. Sosyal medya payla\u015f\u0131mlar\u0131n\u0131 ihbar kabul eden Denizli \u0130l Emniyet M\u00fcd\u00fcrl\u00fc\u011f\u00fc Asayi\u015f \u015eube M\u00fcd\u00fcrl\u00fc\u011f\u00fc H\u0131rs\u0131zl\u0131k ve Yankesicilik B\u00fcro Amirli\u011fi ekipleri \u015f\u00fcpheli \u015fahs\u0131 yakalamak i\u00e7in \u00e7al\u0131\u015fma ba\u015flatt\u0131. Polis ekipleri son olarak Pamukkale il\u00e7esi Anafartalar Mahallesi\u2019nde bir evin balkon perdesini \u00e7ald\u0131\u011f\u0131 tespit edilen \u015f\u00fcpheliyi yakalamak i\u00e7in \u00e7evredeki g\u00fcvenlik kameralar\u0131n\u0131 anbean inceledi. Yap\u0131lan incelemelerin ard\u0131ndan kad\u0131n k\u0131l\u0131\u011f\u0131na giren h\u0131rs\u0131z\u0131n kimli\u011fini belirleyen polis ekipleri \u015f\u00fcpheliyi k\u0131sa s\u00fcrede yakalad\u0131. Kad\u0131n k\u0131l\u0131\u011f\u0131na giren h\u0131rs\u0131z\u0131n bir evin balkon perdesini, bir evin balkonunda bulunan 8 adet abiye elbiseyi ve bir evin balkonunda as\u0131l\u0131 bulunan 7 adet \u015fal\u0131 \u00e7ald\u0131\u011f\u0131 belirlendi. Emniyetteki i\u015flemlerinin ard\u0131ndan adliyeye sevk edilen \u015f\u00fcpheli \u00e7\u0131kar\u0131ld\u0131\u011f\u0131 mahkemece tutukland\u0131.<br \/><\/p>\n","protected":false},"excerpt":{"rendered":"<p>Denizli\u2019de kad\u0131n k\u0131l\u0131\u011f\u0131na girerek h\u0131rs\u0131zl\u0131k yapan \u015f\u00fcpheli polis ekipleri taraf\u0131ndan yakaland\u0131. Balkon perdesi, abiye elbise ve \u015fal gibi e\u015fyalar\u0131 \u00e7alan \u015f\u00fcpheli tutukland\u0131. Denizli\u2019de kad\u0131n k\u0131l\u0131\u011f\u0131nda h\u0131rs\u0131zl\u0131k yapt\u0131\u011f\u0131 anlar\u0131 g\u00fcvenlik kameras\u0131na yans\u0131yan \u015f\u00fcpheli sosyal medyada g\u00fcndem oldu. Sosyal medya payla\u015f\u0131mlar\u0131n\u0131 ihbar kabul eden Denizli \u0130l Emniyet M\u00fcd\u00fcrl\u00fc\u011f\u00fc Asayi\u015f \u015eube M\u00fcd\u00fcrl\u00fc\u011f\u00fc H\u0131rs\u0131zl\u0131k ve Yankesicilik B\u00fcro Amirli\u011fi ekipleri&#8230;<\/p>\n","protected":false},"author":1,"featured_media":57723,"comment_status":"open","ping_status":"open","sticky":false,"template":"","format":"standard","meta":{"_crdt_document":"","footnotes":""},"categories":[5],"tags":[],"class_list":["post-57722","post","type-post","status-publish","format-standard","has-post-thumbnail","hentry","category-asayis"],"_links":{"self":[{"href":"https:\/\/www.egemtv.com\/index.php?rest_route=\/wp\/v2\/posts\/57722","targetHints":{"allow":["GET"]}}],"collection":[{"href":"https:\/\/www.egemtv.com\/index.php?rest_route=\/wp\/v2\/posts"}],"about":[{"href":"https:\/\/www.egemtv.com\/index.php?rest_route=\/wp\/v2\/types\/post"}],"author":[{"embeddable":true,"href":"https:\/\/www.egemtv.com\/index.php?rest_route=\/wp\/v2\/users\/1"}],"replies":[{"embeddable":true,"href":"https:\/\/www.egemtv.com\/index.php?rest_route=%2Fwp%2Fv2%2Fcomments&post=57722"}],"version-history":[{"count":1,"href":"https:\/\/www.egemtv.com\/index.php?rest_route=\/wp\/v2\/posts\/57722\/revisions"}],"predecessor-version":[{"id":57724,"href":"https:\/\/www.egemtv.com\/index.php?rest_route=\/wp\/v2\/posts\/57722\/revisions\/57724"}],"wp:featuredmedia":[{"embeddable":true,"href":"https:\/\/www.egemtv.com\/index.php?rest_route=\/wp\/v2\/media\/57723"}],"wp:attachment":[{"href":"https:\/\/www.egemtv.com\/index.php?rest_route=%2Fwp%2Fv2%2Fmedia&parent=57722"}],"wp:term":[{"taxonomy":"category","embeddable":true,"href":"https:\/\/www.egemtv.com\/index.php?rest_route=%2Fwp%2Fv2%2Fcategories&post=57722"},{"taxonomy":"post_tag","embeddable":true,"href":"https:\/\/www.egemtv.com\/index.php?rest_route=%2Fwp%2Fv2%2Ftags&post=57722"}],"curies":[{"name":"wp","href":"https:\/\/api.w.org\/{rel}","templated":true}]}}