{"id":57719,"date":"2025-09-27T14:35:43","date_gmt":"2025-09-27T11:35:43","guid":{"rendered":"https:\/\/www.egemtv.com\/?p=57719"},"modified":"2025-09-27T14:35:43","modified_gmt":"2025-09-27T11:35:43","slug":"yangindan-gunler-sonra-tutusmalarin-yasandigi-orman-sahasinda-ekipler-tedbiri-elden-birakmiyor","status":"publish","type":"post","link":"https:\/\/www.egemtv.com\/?p=57719","title":{"rendered":"Yang\u0131ndan g\u00fcnler sonra tutu\u015fmalar\u0131n ya\u015fand\u0131\u011f\u0131 orman sahas\u0131nda ekipler tedbiri elden b\u0131rakm\u0131yor"},"content":{"rendered":"<p>Denizli orman yang\u0131n\u0131 sonras\u0131 ara ara tutu\u015fmalar\u0131n devam etti\u011fi orman sahas\u0131nda ekipleri an\u0131nda m\u00fcdahaleler ile tedbiri elden b\u0131rakm\u0131yor.<br \/>\n<br \/>Denizli\u2019nin Buldan il\u00e7esinde \u00e7\u0131kan orman yang\u0131n\u0131 uzun u\u011fra\u015flar sonucu g\u00fcnler sonra kontrol alt\u0131na al\u0131nabilmi\u015fti. Yang\u0131n\u0131n \u00fczerinden g\u00fcnler ge\u00e7mesine ra\u011fmen yang\u0131n b\u00f6lgesinde ara ara t\u00fctme ve tutu\u015fmalar devam ediyor. B\u00f6lgede bulunan k\u00f6m\u00fcr ocaklar\u0131nda ya\u015fanan tutu\u015fmalar\u0131n yeni bir yang\u0131na yol a\u00e7mamas\u0131 i\u00e7in Buldan Orman \u0130\u015fletme M\u00fcd\u00fcrl\u00fc\u011f\u00fc ekipleri b\u00f6lgede teyakkuzda bekliyor. Tutu\u015fmalar\u0131n ya\u015fand\u0131\u011f\u0131 b\u00f6lgelere araz\u00f6z ve i\u015f makineleri ile m\u00fcdahale ediliyor.<br \/><\/p>\n","protected":false},"excerpt":{"rendered":"<p>Denizli orman yang\u0131n\u0131 sonras\u0131 ara ara tutu\u015fmalar\u0131n devam etti\u011fi orman sahas\u0131nda ekipleri an\u0131nda m\u00fcdahaleler ile tedbiri elden b\u0131rakm\u0131yor. Denizli\u2019nin Buldan il\u00e7esinde \u00e7\u0131kan orman yang\u0131n\u0131 uzun u\u011fra\u015flar sonucu g\u00fcnler sonra kontrol alt\u0131na al\u0131nabilmi\u015fti. Yang\u0131n\u0131n \u00fczerinden g\u00fcnler ge\u00e7mesine ra\u011fmen yang\u0131n b\u00f6lgesinde ara ara t\u00fctme ve tutu\u015fmalar devam ediyor. B\u00f6lgede bulunan k\u00f6m\u00fcr ocaklar\u0131nda ya\u015fanan tutu\u015fmalar\u0131n yeni bir yang\u0131na&#8230;<\/p>\n","protected":false},"author":1,"featured_media":57720,"comment_status":"open","ping_status":"open","sticky":false,"template":"","format":"standard","meta":{"_crdt_document":"","footnotes":""},"categories":[5],"tags":[],"class_list":["post-57719","post","type-post","status-publish","format-standard","has-post-thumbnail","hentry","category-asayis"],"_links":{"self":[{"href":"https:\/\/www.egemtv.com\/index.php?rest_route=\/wp\/v2\/posts\/57719","targetHints":{"allow":["GET"]}}],"collection":[{"href":"https:\/\/www.egemtv.com\/index.php?rest_route=\/wp\/v2\/posts"}],"about":[{"href":"https:\/\/www.egemtv.com\/index.php?rest_route=\/wp\/v2\/types\/post"}],"author":[{"embeddable":true,"href":"https:\/\/www.egemtv.com\/index.php?rest_route=\/wp\/v2\/users\/1"}],"replies":[{"embeddable":true,"href":"https:\/\/www.egemtv.com\/index.php?rest_route=%2Fwp%2Fv2%2Fcomments&post=57719"}],"version-history":[{"count":1,"href":"https:\/\/www.egemtv.com\/index.php?rest_route=\/wp\/v2\/posts\/57719\/revisions"}],"predecessor-version":[{"id":57721,"href":"https:\/\/www.egemtv.com\/index.php?rest_route=\/wp\/v2\/posts\/57719\/revisions\/57721"}],"wp:featuredmedia":[{"embeddable":true,"href":"https:\/\/www.egemtv.com\/index.php?rest_route=\/wp\/v2\/media\/57720"}],"wp:attachment":[{"href":"https:\/\/www.egemtv.com\/index.php?rest_route=%2Fwp%2Fv2%2Fmedia&parent=57719"}],"wp:term":[{"taxonomy":"category","embeddable":true,"href":"https:\/\/www.egemtv.com\/index.php?rest_route=%2Fwp%2Fv2%2Fcategories&post=57719"},{"taxonomy":"post_tag","embeddable":true,"href":"https:\/\/www.egemtv.com\/index.php?rest_route=%2Fwp%2Fv2%2Ftags&post=57719"}],"curies":[{"name":"wp","href":"https:\/\/api.w.org\/{rel}","templated":true}]}}