{"id":57716,"date":"2025-09-27T14:35:42","date_gmt":"2025-09-27T11:35:42","guid":{"rendered":"https:\/\/www.egemtv.com\/?p=57716"},"modified":"2025-09-27T14:35:42","modified_gmt":"2025-09-27T11:35:42","slug":"buldanin-yeni-emniyet-muduru-goreve-basladi","status":"publish","type":"post","link":"https:\/\/www.egemtv.com\/?p=57716","title":{"rendered":"Buldan\u2019\u0131n yeni Emniyet M\u00fcd\u00fcr\u00fc g\u00f6reve ba\u015flad\u0131"},"content":{"rendered":"<p>Buldan\u2019\u0131n yeni \u0130l\u00e7e Emniyet M\u00fcd\u00fcr\u00fc Murat \u00dcst\u00fcnda\u011f g\u00f6reve ba\u015flad\u0131.<br \/>\n<br \/>Bing\u00f6l\u2019den Denizli\u2019nin Buldan il\u00e7esine \u0130l\u00e7e Emniyet M\u00fcd\u00fcr\u00fc olarak atanan Murat \u00dcst\u00fcnda\u011f g\u00f6reve ba\u015flad\u0131. 47 ya\u015f\u0131nda evli ve bir \u00e7ocuk babas\u0131 3. S\u0131n\u0131f Emniyet M\u00fcd\u00fcr\u00fc Murat \u00dcst\u00fcnda\u011f, &#8220;Buldan\u2019\u0131 k\u0131sa bir zamanda da olsa gezdim, insanlarla sohbet ettim. Buldanl\u0131lar\u0131n polise kar\u015f\u0131 yak\u0131n davran\u0131\u015flar\u0131 ho\u015fuma gitti. Biz de polis te\u015fkilat\u0131 olarak Buldanl\u0131lar\u0131n huzur i\u00e7inde ya\u015famalar\u0131 i\u00e7in elimizden geleni yapaca\u011f\u0131z&#8221; dedi.<br \/><\/p>\n","protected":false},"excerpt":{"rendered":"<p>Buldan\u2019\u0131n yeni \u0130l\u00e7e Emniyet M\u00fcd\u00fcr\u00fc Murat \u00dcst\u00fcnda\u011f g\u00f6reve ba\u015flad\u0131. Bing\u00f6l\u2019den Denizli\u2019nin Buldan il\u00e7esine \u0130l\u00e7e Emniyet M\u00fcd\u00fcr\u00fc olarak atanan Murat \u00dcst\u00fcnda\u011f g\u00f6reve ba\u015flad\u0131. 47 ya\u015f\u0131nda evli ve bir \u00e7ocuk babas\u0131 3. S\u0131n\u0131f Emniyet M\u00fcd\u00fcr\u00fc Murat \u00dcst\u00fcnda\u011f, &#8220;Buldan\u2019\u0131 k\u0131sa bir zamanda da olsa gezdim, insanlarla sohbet ettim. Buldanl\u0131lar\u0131n polise kar\u015f\u0131 yak\u0131n davran\u0131\u015flar\u0131 ho\u015fuma gitti. Biz de polis&#8230;<\/p>\n","protected":false},"author":1,"featured_media":57717,"comment_status":"open","ping_status":"open","sticky":false,"template":"","format":"standard","meta":{"_crdt_document":"","footnotes":""},"categories":[5],"tags":[],"class_list":["post-57716","post","type-post","status-publish","format-standard","has-post-thumbnail","hentry","category-asayis"],"_links":{"self":[{"href":"https:\/\/www.egemtv.com\/index.php?rest_route=\/wp\/v2\/posts\/57716","targetHints":{"allow":["GET"]}}],"collection":[{"href":"https:\/\/www.egemtv.com\/index.php?rest_route=\/wp\/v2\/posts"}],"about":[{"href":"https:\/\/www.egemtv.com\/index.php?rest_route=\/wp\/v2\/types\/post"}],"author":[{"embeddable":true,"href":"https:\/\/www.egemtv.com\/index.php?rest_route=\/wp\/v2\/users\/1"}],"replies":[{"embeddable":true,"href":"https:\/\/www.egemtv.com\/index.php?rest_route=%2Fwp%2Fv2%2Fcomments&post=57716"}],"version-history":[{"count":1,"href":"https:\/\/www.egemtv.com\/index.php?rest_route=\/wp\/v2\/posts\/57716\/revisions"}],"predecessor-version":[{"id":57718,"href":"https:\/\/www.egemtv.com\/index.php?rest_route=\/wp\/v2\/posts\/57716\/revisions\/57718"}],"wp:featuredmedia":[{"embeddable":true,"href":"https:\/\/www.egemtv.com\/index.php?rest_route=\/wp\/v2\/media\/57717"}],"wp:attachment":[{"href":"https:\/\/www.egemtv.com\/index.php?rest_route=%2Fwp%2Fv2%2Fmedia&parent=57716"}],"wp:term":[{"taxonomy":"category","embeddable":true,"href":"https:\/\/www.egemtv.com\/index.php?rest_route=%2Fwp%2Fv2%2Fcategories&post=57716"},{"taxonomy":"post_tag","embeddable":true,"href":"https:\/\/www.egemtv.com\/index.php?rest_route=%2Fwp%2Fv2%2Ftags&post=57716"}],"curies":[{"name":"wp","href":"https:\/\/api.w.org\/{rel}","templated":true}]}}