{"id":57713,"date":"2025-09-27T14:35:40","date_gmt":"2025-09-27T11:35:40","guid":{"rendered":"https:\/\/www.egemtv.com\/?p=57713"},"modified":"2025-09-27T14:35:41","modified_gmt":"2025-09-27T11:35:41","slug":"kadinlara-siddetli-mucadele-egitimi-verildi","status":"publish","type":"post","link":"https:\/\/www.egemtv.com\/?p=57713","title":{"rendered":"Kad\u0131nlara, \u015fiddetli m\u00fccadele e\u011fitimi verildi"},"content":{"rendered":"<p>Afyonkarahisar\u2019da jandarma ekipleri taraf\u0131ndan i\u015fletmelerde \u00e7al\u0131\u015fan kad\u0131nlara y\u00f6nelik \u2018Kad\u0131na Y\u00f6nelik \u015eiddetle M\u00fccadele ve Erken Ya\u015fta ve Zorla Evliliklerle M\u00fccadele\u2019 konusunda seminer verildi.<br \/>\n<br \/>Ger\u00e7ekle\u015ftirilen e\u011fitim \u00e7al\u0131\u015fmas\u0131na 28 kad\u0131n\u0131n kat\u0131ld\u0131\u011f\u0131 belirtildi. Etkinlikle ilgili yap\u0131lan yaz\u0131l\u0131 a\u00e7\u0131klamada, &#8220;Afyonkarahisar \u0130l Jandarma Komutanl\u0131\u011f\u0131nca 24-25 Eyl\u00fcl tarihlerinde il merkezinde faaliyet g\u00f6steren i\u015fletmelerde \u00e7al\u0131\u015fan 28 kad\u0131na \u2018Kad\u0131na Y\u00f6nelik \u015eiddetle M\u00fccadele ve Erken Ya\u015fta ve Zorla Evliliklerle M\u00fccadele\u2019 konusunda seminer verildi.<br \/>\n<br \/>2025-2026 e\u011fitim \u00f6\u011fretim d\u00f6neminde \u0130scehisar il\u00e7esinde bulunan okullarda e\u011fitim g\u00f6ren 125 \u00f6\u011frenci ziyaret edilerek, \u00e7e\u015fitli hediyeler takdim edilmi\u015ftir&#8221; ifadelerine yer verildi.<br \/><\/p>\n","protected":false},"excerpt":{"rendered":"<p>Afyonkarahisar\u2019da jandarma ekipleri taraf\u0131ndan i\u015fletmelerde \u00e7al\u0131\u015fan kad\u0131nlara y\u00f6nelik \u2018Kad\u0131na Y\u00f6nelik \u015eiddetle M\u00fccadele ve Erken Ya\u015fta ve Zorla Evliliklerle M\u00fccadele\u2019 konusunda seminer verildi. Ger\u00e7ekle\u015ftirilen e\u011fitim \u00e7al\u0131\u015fmas\u0131na 28 kad\u0131n\u0131n kat\u0131ld\u0131\u011f\u0131 belirtildi. Etkinlikle ilgili yap\u0131lan yaz\u0131l\u0131 a\u00e7\u0131klamada, &#8220;Afyonkarahisar \u0130l Jandarma Komutanl\u0131\u011f\u0131nca 24-25 Eyl\u00fcl tarihlerinde il merkezinde faaliyet g\u00f6steren i\u015fletmelerde \u00e7al\u0131\u015fan 28 kad\u0131na \u2018Kad\u0131na Y\u00f6nelik \u015eiddetle M\u00fccadele ve Erken&#8230;<\/p>\n","protected":false},"author":1,"featured_media":57714,"comment_status":"open","ping_status":"open","sticky":false,"template":"","format":"standard","meta":{"_crdt_document":"","footnotes":""},"categories":[1],"tags":[],"class_list":["post-57713","post","type-post","status-publish","format-standard","has-post-thumbnail","hentry","category-guncel"],"_links":{"self":[{"href":"https:\/\/www.egemtv.com\/index.php?rest_route=\/wp\/v2\/posts\/57713","targetHints":{"allow":["GET"]}}],"collection":[{"href":"https:\/\/www.egemtv.com\/index.php?rest_route=\/wp\/v2\/posts"}],"about":[{"href":"https:\/\/www.egemtv.com\/index.php?rest_route=\/wp\/v2\/types\/post"}],"author":[{"embeddable":true,"href":"https:\/\/www.egemtv.com\/index.php?rest_route=\/wp\/v2\/users\/1"}],"replies":[{"embeddable":true,"href":"https:\/\/www.egemtv.com\/index.php?rest_route=%2Fwp%2Fv2%2Fcomments&post=57713"}],"version-history":[{"count":1,"href":"https:\/\/www.egemtv.com\/index.php?rest_route=\/wp\/v2\/posts\/57713\/revisions"}],"predecessor-version":[{"id":57715,"href":"https:\/\/www.egemtv.com\/index.php?rest_route=\/wp\/v2\/posts\/57713\/revisions\/57715"}],"wp:featuredmedia":[{"embeddable":true,"href":"https:\/\/www.egemtv.com\/index.php?rest_route=\/wp\/v2\/media\/57714"}],"wp:attachment":[{"href":"https:\/\/www.egemtv.com\/index.php?rest_route=%2Fwp%2Fv2%2Fmedia&parent=57713"}],"wp:term":[{"taxonomy":"category","embeddable":true,"href":"https:\/\/www.egemtv.com\/index.php?rest_route=%2Fwp%2Fv2%2Fcategories&post=57713"},{"taxonomy":"post_tag","embeddable":true,"href":"https:\/\/www.egemtv.com\/index.php?rest_route=%2Fwp%2Fv2%2Ftags&post=57713"}],"curies":[{"name":"wp","href":"https:\/\/api.w.org\/{rel}","templated":true}]}}