{"id":57710,"date":"2025-09-27T13:54:49","date_gmt":"2025-09-27T10:54:49","guid":{"rendered":"https:\/\/www.egemtv.com\/?p=57710"},"modified":"2025-09-27T13:54:50","modified_gmt":"2025-09-27T10:54:50","slug":"datca-yeni-hukumet-konagi-projesinin-ihale-tarihi-belli-oldu","status":"publish","type":"post","link":"https:\/\/www.egemtv.com\/?p=57710","title":{"rendered":"Dat\u00e7a Yeni H\u00fck\u00fcmet Kona\u011f\u0131 Projesi\u2019nin ihale tarihi belli oldu"},"content":{"rendered":"<p>Dat\u00e7a\u2019da 6 bin 706 metrekarelik alanda yap\u0131lacak Yeni H\u00fck\u00fcmet Kona\u011f\u0131, adliye, emniyet ve kaymakaml\u0131\u011f\u0131 tek \u00e7at\u0131 alt\u0131nda bulu\u015fturacak.<br \/>\n<br \/>Mu\u011fla\u2019n\u0131n Dat\u00e7a il\u00e7esinde kamu hizmetlerini tek \u00e7at\u0131 alt\u0131nda toplayacak olan Yeni H\u00fck\u00fcmet Kona\u011f\u0131 i\u00e7in geri say\u0131m ba\u015flad\u0131. \u0130l\u00e7enin idari yap\u0131lanmas\u0131 a\u00e7\u0131s\u0131ndan \u00f6nemli bir ad\u0131m olarak g\u00f6r\u00fclen proje, 24 Ekim 2025 tarihinde yap\u0131lacak ihale ile hayata ge\u00e7irilecek. Toplam 6 bin 706 metrekare kapal\u0131 alana sahip olacak yeni bina, adliye, emniyet ve kaymakaml\u0131k birimlerini b\u00fcnyesinde bar\u0131nd\u0131racak. Vatanda\u015flar\u0131n kamu hizmetlerine eri\u015fimini kolayla\u015ft\u0131rmay\u0131 hedefleyen proje, modern ve i\u015flevsel yap\u0131s\u0131yla dikkat \u00e7ekecek. Dat\u00e7a\u2019n\u0131n kurumsal altyap\u0131s\u0131na g\u00fc\u00e7 katacak olan Yeni H\u00fck\u00fcmet Kona\u011f\u0131, ihale s\u00fcrecinin ard\u0131ndan yap\u0131m \u00e7al\u0131\u015fmalar\u0131n\u0131n ba\u015flamas\u0131yla birlikte il\u00e7enin \u00f6nemli ihtiya\u00e7lar\u0131ndan birini kar\u015f\u0131lam\u0131\u015f olacak.<br \/><\/p>\n","protected":false},"excerpt":{"rendered":"<p>Dat\u00e7a\u2019da 6 bin 706 metrekarelik alanda yap\u0131lacak Yeni H\u00fck\u00fcmet Kona\u011f\u0131, adliye, emniyet ve kaymakaml\u0131\u011f\u0131 tek \u00e7at\u0131 alt\u0131nda bulu\u015fturacak. Mu\u011fla\u2019n\u0131n Dat\u00e7a il\u00e7esinde kamu hizmetlerini tek \u00e7at\u0131 alt\u0131nda toplayacak olan Yeni H\u00fck\u00fcmet Kona\u011f\u0131 i\u00e7in geri say\u0131m ba\u015flad\u0131. \u0130l\u00e7enin idari yap\u0131lanmas\u0131 a\u00e7\u0131s\u0131ndan \u00f6nemli bir ad\u0131m olarak g\u00f6r\u00fclen proje, 24 Ekim 2025 tarihinde yap\u0131lacak ihale ile hayata ge\u00e7irilecek. Toplam&#8230;<\/p>\n","protected":false},"author":1,"featured_media":57711,"comment_status":"open","ping_status":"open","sticky":false,"template":"","format":"standard","meta":{"_crdt_document":"","footnotes":""},"categories":[1],"tags":[],"class_list":["post-57710","post","type-post","status-publish","format-standard","has-post-thumbnail","hentry","category-guncel"],"_links":{"self":[{"href":"https:\/\/www.egemtv.com\/index.php?rest_route=\/wp\/v2\/posts\/57710","targetHints":{"allow":["GET"]}}],"collection":[{"href":"https:\/\/www.egemtv.com\/index.php?rest_route=\/wp\/v2\/posts"}],"about":[{"href":"https:\/\/www.egemtv.com\/index.php?rest_route=\/wp\/v2\/types\/post"}],"author":[{"embeddable":true,"href":"https:\/\/www.egemtv.com\/index.php?rest_route=\/wp\/v2\/users\/1"}],"replies":[{"embeddable":true,"href":"https:\/\/www.egemtv.com\/index.php?rest_route=%2Fwp%2Fv2%2Fcomments&post=57710"}],"version-history":[{"count":1,"href":"https:\/\/www.egemtv.com\/index.php?rest_route=\/wp\/v2\/posts\/57710\/revisions"}],"predecessor-version":[{"id":57712,"href":"https:\/\/www.egemtv.com\/index.php?rest_route=\/wp\/v2\/posts\/57710\/revisions\/57712"}],"wp:featuredmedia":[{"embeddable":true,"href":"https:\/\/www.egemtv.com\/index.php?rest_route=\/wp\/v2\/media\/57711"}],"wp:attachment":[{"href":"https:\/\/www.egemtv.com\/index.php?rest_route=%2Fwp%2Fv2%2Fmedia&parent=57710"}],"wp:term":[{"taxonomy":"category","embeddable":true,"href":"https:\/\/www.egemtv.com\/index.php?rest_route=%2Fwp%2Fv2%2Fcategories&post=57710"},{"taxonomy":"post_tag","embeddable":true,"href":"https:\/\/www.egemtv.com\/index.php?rest_route=%2Fwp%2Fv2%2Ftags&post=57710"}],"curies":[{"name":"wp","href":"https:\/\/api.w.org\/{rel}","templated":true}]}}