{"id":57707,"date":"2025-09-27T12:55:09","date_gmt":"2025-09-27T09:55:09","guid":{"rendered":"https:\/\/www.egemtv.com\/?p=57707"},"modified":"2025-09-27T12:55:10","modified_gmt":"2025-09-27T09:55:10","slug":"cam-agacinda-mahsur-kalan-kediyi-itfaiye-kurtardi","status":"publish","type":"post","link":"https:\/\/www.egemtv.com\/?p=57707","title":{"rendered":"\u00c7am a\u011fac\u0131nda mahsur kalan kediyi itfaiye kurtard\u0131"},"content":{"rendered":"<p>Manisa\u2019n\u0131n Salihli il\u00e7esinde \u00e7am a\u011fac\u0131na t\u0131rman\u0131p mahsur kalan kedi, itfaiye ekiplerinin m\u00fcdahalesiyle kurtar\u0131ld\u0131.<br \/>\n<br \/>Olay, Kur\u015funlu Piknik Alan\u0131 mevkiinde meydana geldi. \u00c7am a\u011fac\u0131nda uzun s\u00fcre mahsur kalan kediyi fark eden vatanda\u015flar, durumu Manisa B\u00fcy\u00fck\u015fehir Belediyesi \u0130tfaiye Dairesi Ba\u015fkanl\u0131\u011f\u0131na ba\u011fl\u0131 Salihli Amirli\u011fi ekiplerine bildirdi.<br \/>\n<br \/>\u0130hbar \u00fczerine olay yerine gelen ekipler, boynundaki tasmas\u0131 a\u011faca tak\u0131ld\u0131\u011f\u0131 i\u00e7in inemeyen kediyi bulundu\u011fu yerden kurtard\u0131. Yakla\u015f\u0131k 2 g\u00fcnd\u00fcr a\u011fa\u00e7ta mahsur kald\u0131\u011f\u0131 \u00f6\u011frenilen kedi, g\u00fcvenli bir \u015fekilde do\u011fal ortam\u0131na b\u0131rak\u0131ld\u0131.<br \/>\n<br \/>Vatanda\u015flar, kediyi kurtaran itfaiye ekiplerine te\u015fekk\u00fcr etti.<br \/><\/p>\n","protected":false},"excerpt":{"rendered":"<p>Manisa\u2019n\u0131n Salihli il\u00e7esinde \u00e7am a\u011fac\u0131na t\u0131rman\u0131p mahsur kalan kedi, itfaiye ekiplerinin m\u00fcdahalesiyle kurtar\u0131ld\u0131. Olay, Kur\u015funlu Piknik Alan\u0131 mevkiinde meydana geldi. \u00c7am a\u011fac\u0131nda uzun s\u00fcre mahsur kalan kediyi fark eden vatanda\u015flar, durumu Manisa B\u00fcy\u00fck\u015fehir Belediyesi \u0130tfaiye Dairesi Ba\u015fkanl\u0131\u011f\u0131na ba\u011fl\u0131 Salihli Amirli\u011fi ekiplerine bildirdi. \u0130hbar \u00fczerine olay yerine gelen ekipler, boynundaki tasmas\u0131 a\u011faca tak\u0131ld\u0131\u011f\u0131 i\u00e7in inemeyen kediyi&#8230;<\/p>\n","protected":false},"author":1,"featured_media":57708,"comment_status":"open","ping_status":"open","sticky":false,"template":"","format":"standard","meta":{"_crdt_document":"","footnotes":""},"categories":[5],"tags":[],"class_list":["post-57707","post","type-post","status-publish","format-standard","has-post-thumbnail","hentry","category-asayis"],"_links":{"self":[{"href":"https:\/\/www.egemtv.com\/index.php?rest_route=\/wp\/v2\/posts\/57707","targetHints":{"allow":["GET"]}}],"collection":[{"href":"https:\/\/www.egemtv.com\/index.php?rest_route=\/wp\/v2\/posts"}],"about":[{"href":"https:\/\/www.egemtv.com\/index.php?rest_route=\/wp\/v2\/types\/post"}],"author":[{"embeddable":true,"href":"https:\/\/www.egemtv.com\/index.php?rest_route=\/wp\/v2\/users\/1"}],"replies":[{"embeddable":true,"href":"https:\/\/www.egemtv.com\/index.php?rest_route=%2Fwp%2Fv2%2Fcomments&post=57707"}],"version-history":[{"count":1,"href":"https:\/\/www.egemtv.com\/index.php?rest_route=\/wp\/v2\/posts\/57707\/revisions"}],"predecessor-version":[{"id":57709,"href":"https:\/\/www.egemtv.com\/index.php?rest_route=\/wp\/v2\/posts\/57707\/revisions\/57709"}],"wp:featuredmedia":[{"embeddable":true,"href":"https:\/\/www.egemtv.com\/index.php?rest_route=\/wp\/v2\/media\/57708"}],"wp:attachment":[{"href":"https:\/\/www.egemtv.com\/index.php?rest_route=%2Fwp%2Fv2%2Fmedia&parent=57707"}],"wp:term":[{"taxonomy":"category","embeddable":true,"href":"https:\/\/www.egemtv.com\/index.php?rest_route=%2Fwp%2Fv2%2Fcategories&post=57707"},{"taxonomy":"post_tag","embeddable":true,"href":"https:\/\/www.egemtv.com\/index.php?rest_route=%2Fwp%2Fv2%2Ftags&post=57707"}],"curies":[{"name":"wp","href":"https:\/\/api.w.org\/{rel}","templated":true}]}}