{"id":57704,"date":"2025-09-27T12:55:07","date_gmt":"2025-09-27T09:55:07","guid":{"rendered":"https:\/\/www.egemtv.com\/?p=57704"},"modified":"2025-09-27T12:55:08","modified_gmt":"2025-09-27T09:55:08","slug":"taylandli-apinya-denizliye-gelin-gelerek-musluman-oldu","status":"publish","type":"post","link":"https:\/\/www.egemtv.com\/?p=57704","title":{"rendered":"Taylandl\u0131 Apinya, Denizli\u2019ye gelin gelerek m\u00fcsl\u00fcman oldu"},"content":{"rendered":"<p>Taylandl\u0131 Apinya Bubpapaow, Denizlili G\u00f6khan \u00dcnmek ile d\u00fcnya evine girdi. M\u00fcsl\u00fcman olan Apinya Bubpapaow, Aylin ismini ald\u0131.<br \/>\n<br \/>Denizli\u2019nin Tavas il\u00e7esi, hafta sonu farkl\u0131 k\u00fclt\u00fcrlerin bulu\u015ftu\u011fu renkli bir d\u00fc\u011f\u00fcne ev sahipli\u011fi yapt\u0131. Tavasl\u0131 mali m\u00fc\u015favir G\u00f6khan \u00dcnmek ile Taylandl\u0131 Apinya Bubpapaow, geleneksel t\u00f6renle d\u00fcnya evine girdi.<br \/>\n<br \/>Nik\u00e2h \u00f6ncesi m\u00fcsl\u00fcman olan Apinya Bubpapaow, Pamukkale \u0130l\u00e7e M\u00fcft\u00fcl\u00fc\u011f\u00fc\u2019nde \u015fehadet getirerek \u0130slam dinine ge\u00e7ti. M\u00fcft\u00fc Muhammet \u00c7\u00f6rek\u00e7i\u2019nin huzurunda ger\u00e7ekle\u015fen ihtida t\u00f6reninin ard\u0131ndan gen\u00e7 kad\u0131n, &#8220;Aylin&#8221; ismini ald\u0131.<br \/>\n<br \/>Tavas\u2019\u0131n Horasanl\u0131 Mahallesi\u2019nde yap\u0131lan d\u00fc\u011f\u00fcn, hem geleneklere uygun hem de s\u0131cak atmosferiyle dikkat \u00e7ekti. K\u00f6y d\u00fc\u011f\u00fcnlerinin vazge\u00e7ilmezi olan urgan gelene\u011fi bu d\u00fc\u011f\u00fcnde de ya\u015fat\u0131ld\u0131. Davetliler, damada gelin arabas\u0131n\u0131 urganla \u00e7ektirdi. Bu anlar, d\u00fc\u011f\u00fcne kat\u0131lanlar taraf\u0131ndan ilgiyle izlendi.<br \/>\n<br \/>Gelin Aylin ve damat G\u00f6khan \u00dcnmek\u2019in mutlulu\u011fu g\u00f6zlerinden okunurken, Horasanl\u0131 Mahallesi sakinleri de bu \u00f6zel g\u00fcnlerinde gen\u00e7 \u00e7ifti yaln\u0131z b\u0131rakmad\u0131. D\u00fc\u011f\u00fcn, y\u00f6resel oyunlar ve ikramlarla ge\u00e7 saatlere kadar s\u00fcrd\u00fc.<br \/><\/p>\n","protected":false},"excerpt":{"rendered":"<p>Taylandl\u0131 Apinya Bubpapaow, Denizlili G\u00f6khan \u00dcnmek ile d\u00fcnya evine girdi. M\u00fcsl\u00fcman olan Apinya Bubpapaow, Aylin ismini ald\u0131. Denizli\u2019nin Tavas il\u00e7esi, hafta sonu farkl\u0131 k\u00fclt\u00fcrlerin bulu\u015ftu\u011fu renkli bir d\u00fc\u011f\u00fcne ev sahipli\u011fi yapt\u0131. Tavasl\u0131 mali m\u00fc\u015favir G\u00f6khan \u00dcnmek ile Taylandl\u0131 Apinya Bubpapaow, geleneksel t\u00f6renle d\u00fcnya evine girdi. Nik\u00e2h \u00f6ncesi m\u00fcsl\u00fcman olan Apinya Bubpapaow, Pamukkale \u0130l\u00e7e M\u00fcft\u00fcl\u00fc\u011f\u00fc\u2019nde \u015fehadet&#8230;<\/p>\n","protected":false},"author":1,"featured_media":57705,"comment_status":"open","ping_status":"open","sticky":false,"template":"","format":"standard","meta":{"_crdt_document":"","footnotes":""},"categories":[1],"tags":[],"class_list":["post-57704","post","type-post","status-publish","format-standard","has-post-thumbnail","hentry","category-guncel"],"_links":{"self":[{"href":"https:\/\/www.egemtv.com\/index.php?rest_route=\/wp\/v2\/posts\/57704","targetHints":{"allow":["GET"]}}],"collection":[{"href":"https:\/\/www.egemtv.com\/index.php?rest_route=\/wp\/v2\/posts"}],"about":[{"href":"https:\/\/www.egemtv.com\/index.php?rest_route=\/wp\/v2\/types\/post"}],"author":[{"embeddable":true,"href":"https:\/\/www.egemtv.com\/index.php?rest_route=\/wp\/v2\/users\/1"}],"replies":[{"embeddable":true,"href":"https:\/\/www.egemtv.com\/index.php?rest_route=%2Fwp%2Fv2%2Fcomments&post=57704"}],"version-history":[{"count":1,"href":"https:\/\/www.egemtv.com\/index.php?rest_route=\/wp\/v2\/posts\/57704\/revisions"}],"predecessor-version":[{"id":57706,"href":"https:\/\/www.egemtv.com\/index.php?rest_route=\/wp\/v2\/posts\/57704\/revisions\/57706"}],"wp:featuredmedia":[{"embeddable":true,"href":"https:\/\/www.egemtv.com\/index.php?rest_route=\/wp\/v2\/media\/57705"}],"wp:attachment":[{"href":"https:\/\/www.egemtv.com\/index.php?rest_route=%2Fwp%2Fv2%2Fmedia&parent=57704"}],"wp:term":[{"taxonomy":"category","embeddable":true,"href":"https:\/\/www.egemtv.com\/index.php?rest_route=%2Fwp%2Fv2%2Fcategories&post=57704"},{"taxonomy":"post_tag","embeddable":true,"href":"https:\/\/www.egemtv.com\/index.php?rest_route=%2Fwp%2Fv2%2Ftags&post=57704"}],"curies":[{"name":"wp","href":"https:\/\/api.w.org\/{rel}","templated":true}]}}