{"id":57701,"date":"2025-09-27T12:35:46","date_gmt":"2025-09-27T09:35:46","guid":{"rendered":"https:\/\/www.egemtv.com\/?p=57701"},"modified":"2025-09-27T12:35:47","modified_gmt":"2025-09-27T09:35:47","slug":"tubitak-projesi-kapsaminda-usak-universitesine-gelen-prof-dr-mursaleen-calismalarini-tamamladi","status":"publish","type":"post","link":"https:\/\/www.egemtv.com\/?p=57701","title":{"rendered":"T\u00dcB\u0130TAK projesi kapsam\u0131nda U\u015fak \u00dcniversitesi\u2019ne gelen Prof. Dr. Mursaleen \u00e7al\u0131\u015fmalar\u0131n\u0131 tamamlad\u0131"},"content":{"rendered":"<p>Aligarh Muslim \u00dcniversitesi (AMU) Matematik B\u00f6l\u00fcm\u00fc \u00d6\u011fretim \u00dcyesi Prof. Dr. Mursaleen, T\u00dcB\u0130TAK Bilim \u0130nsan\u0131 Destek Programlar\u0131 Ba\u015fkanl\u0131\u011f\u0131 (B\u0130DEB) taraf\u0131ndan y\u00fcr\u00fct\u00fclen &#8220;2221 Konuk veya Akademik \u0130zinli Bilim \u0130nsan\u0131 Destekleme Projesi&#8221; kapsam\u0131nda 6 ay s\u00fcreyle U\u015fak \u00dcniversitesi\u2019nde akademik \u00e7al\u0131\u015fmalar y\u00fcr\u00fctt\u00fc.<br \/>\n<br \/>S\u00fcresini ba\u015far\u0131yla tamamlayan Prof. Dr. Mursaleen, \u00fclkesine d\u00f6nmeden \u00f6nce U\u015fak \u00dcniversitesi Rekt\u00f6r\u00fc Prof. Dr. Ekrem Sava\u015f ile bir araya geldi.<br \/>\n<br \/>Rekt\u00f6rl\u00fck makam\u0131nda ger\u00e7ekle\u015fen ziyarette Rekt\u00f6r Prof. Dr. Sava\u015f, Prof. Dr. Mursaleen\u2019in \u00fcniversitede bulunmas\u0131n\u0131n \u00f6nemli bir kazan\u0131m oldu\u011funu belirterek \u015funlar\u0131 s\u00f6yledi:<br \/>\n<br \/>&#8220;\u00dcniversitemiz uluslararas\u0131la\u015fma stratejisi do\u011frultusunda d\u00fcnyan\u0131n farkl\u0131 \u00fclkelerinden de\u011ferli bilim insanlar\u0131n\u0131 a\u011f\u0131rlamaya devam ediyor. Prof. Dr. Mursaleen, bilgi birikimi ve ara\u015ft\u0131rmalar\u0131yla \u00f6\u011frencilerimize ve akademisyenlerimize b\u00fcy\u00fck katk\u0131lar sundu. Kendisine emekleri i\u00e7in te\u015fekk\u00fcr ediyor, \u00fclkesine d\u00f6n\u00fc\u015f\u00fcnde ba\u015far\u0131lar\u0131n\u0131n devam\u0131n\u0131 diliyoruz. Bundan sonraki s\u00fcre\u00e7te de ortak \u00e7al\u0131\u015fmalar\u0131m\u0131z\u0131 s\u00fcrd\u00fcrmekten memnuniyet duyaca\u011f\u0131z. Uluslararas\u0131 bilim insanlar\u0131n\u0131 \u00fcniversitemizde a\u011f\u0131rlamaya devam edece\u011fiz.&#8221;<br \/>\n<br \/>Prof. Dr. Mursaleen ise U\u015fak \u00dcniversitesi\u2019nde bulunmaktan b\u00fcy\u00fck mutluluk duydu\u011funu ifade ederek, &#8220;Burada ge\u00e7irdi\u011fim s\u00fcre boyunca son derece verimli bir akademik ortamda \u00e7al\u0131\u015fma f\u0131rsat\u0131 buldum. Rekt\u00f6r\u00fcm\u00fcz ba\u015fta olmak \u00fczere t\u00fcm meslekta\u015flar\u0131ma misafirperverlikleri ve i\u015f birlikleri i\u00e7in te\u015fekk\u00fcr ediyorum.&#8221; dedi.<br \/>\n<br \/>Prof. Dr. Mursaleen, \u00f6zellikle matematik alan\u0131nda \u00f6\u011fretim \u00fcyeleri ve \u00f6\u011frencilerle ortak \u00e7al\u0131\u015fmalar ger\u00e7ekle\u015ftirdi\u011fini belirtti. Uluslararas\u0131 yay\u0131n ve ara\u015ft\u0131rma faaliyetlerine katk\u0131 sa\u011flayan Prof. Dr. Mursaleen, U\u015fak \u00dcniversitesi\u2019nin akademik i\u015f birlikleri vizyonuna de\u011fer katt\u0131\u011f\u0131n\u0131 ifade etti.<br \/><\/p>\n","protected":false},"excerpt":{"rendered":"<p>Aligarh Muslim \u00dcniversitesi (AMU) Matematik B\u00f6l\u00fcm\u00fc \u00d6\u011fretim \u00dcyesi Prof. Dr. Mursaleen, T\u00dcB\u0130TAK Bilim \u0130nsan\u0131 Destek Programlar\u0131 Ba\u015fkanl\u0131\u011f\u0131 (B\u0130DEB) taraf\u0131ndan y\u00fcr\u00fct\u00fclen &#8220;2221 Konuk veya Akademik \u0130zinli Bilim \u0130nsan\u0131 Destekleme Projesi&#8221; kapsam\u0131nda 6 ay s\u00fcreyle U\u015fak \u00dcniversitesi\u2019nde akademik \u00e7al\u0131\u015fmalar y\u00fcr\u00fctt\u00fc. S\u00fcresini ba\u015far\u0131yla tamamlayan Prof. Dr. Mursaleen, \u00fclkesine d\u00f6nmeden \u00f6nce U\u015fak \u00dcniversitesi Rekt\u00f6r\u00fc Prof. Dr. Ekrem Sava\u015f ile&#8230;<\/p>\n","protected":false},"author":1,"featured_media":57702,"comment_status":"open","ping_status":"open","sticky":false,"template":"","format":"standard","meta":{"_crdt_document":"","footnotes":""},"categories":[1],"tags":[],"class_list":["post-57701","post","type-post","status-publish","format-standard","has-post-thumbnail","hentry","category-guncel"],"_links":{"self":[{"href":"https:\/\/www.egemtv.com\/index.php?rest_route=\/wp\/v2\/posts\/57701","targetHints":{"allow":["GET"]}}],"collection":[{"href":"https:\/\/www.egemtv.com\/index.php?rest_route=\/wp\/v2\/posts"}],"about":[{"href":"https:\/\/www.egemtv.com\/index.php?rest_route=\/wp\/v2\/types\/post"}],"author":[{"embeddable":true,"href":"https:\/\/www.egemtv.com\/index.php?rest_route=\/wp\/v2\/users\/1"}],"replies":[{"embeddable":true,"href":"https:\/\/www.egemtv.com\/index.php?rest_route=%2Fwp%2Fv2%2Fcomments&post=57701"}],"version-history":[{"count":1,"href":"https:\/\/www.egemtv.com\/index.php?rest_route=\/wp\/v2\/posts\/57701\/revisions"}],"predecessor-version":[{"id":57703,"href":"https:\/\/www.egemtv.com\/index.php?rest_route=\/wp\/v2\/posts\/57701\/revisions\/57703"}],"wp:featuredmedia":[{"embeddable":true,"href":"https:\/\/www.egemtv.com\/index.php?rest_route=\/wp\/v2\/media\/57702"}],"wp:attachment":[{"href":"https:\/\/www.egemtv.com\/index.php?rest_route=%2Fwp%2Fv2%2Fmedia&parent=57701"}],"wp:term":[{"taxonomy":"category","embeddable":true,"href":"https:\/\/www.egemtv.com\/index.php?rest_route=%2Fwp%2Fv2%2Fcategories&post=57701"},{"taxonomy":"post_tag","embeddable":true,"href":"https:\/\/www.egemtv.com\/index.php?rest_route=%2Fwp%2Fv2%2Ftags&post=57701"}],"curies":[{"name":"wp","href":"https:\/\/api.w.org\/{rel}","templated":true}]}}