{"id":57698,"date":"2025-09-27T12:35:45","date_gmt":"2025-09-27T09:35:45","guid":{"rendered":"https:\/\/www.egemtv.com\/?p=57698"},"modified":"2025-09-27T12:35:46","modified_gmt":"2025-09-27T09:35:46","slug":"akran-kabulunde-sanat-ve-doga-egitimi-projesi-basariyla-tamamlandi","status":"publish","type":"post","link":"https:\/\/www.egemtv.com\/?p=57698","title":{"rendered":"Akran Kabul\u00fcnde Sanat ve Do\u011fa E\u011fitimi Projesi ba\u015far\u0131yla tamamland\u0131"},"content":{"rendered":"<p>Efeler \u0130l\u00e7e Milli E\u011fitim M\u00fcd\u00fcrl\u00fc\u011f\u00fc taraf\u0131ndan y\u00fcr\u00fct\u00fclen &#8220;Akran Kabul\u00fcnde Sanat ve Do\u011fa E\u011fitimi&#8221; projesi, 30 \u00f6\u011frencinin kat\u0131l\u0131m\u0131yla tamamland\u0131. \u00d6\u011frenciler drama, m\u00fczik, spor ve sanat etkinlikleriyle kayna\u015f\u0131rken Tralleis Antik Kenti gezisiyle k\u00fclt\u00fcrel miras\u0131 da tan\u0131d\u0131.<br \/>\n<br \/>Efeler \u0130l\u00e7e Milli E\u011fitim M\u00fcd\u00fcrl\u00fc\u011f\u00fc taraf\u0131ndan y\u00fcr\u00fct\u00fclen &#8220;Akran Kabul\u00fcnde Sanat ve Do\u011fa E\u011fitimi&#8221; projesi, 5 g\u00fcn s\u00fcren yo\u011fun ve keyifli \u00e7al\u0131\u015fmalar\u0131n ard\u0131ndan ba\u015far\u0131yla sona erdi. Toplam 30 \u00f6\u011frencinin kat\u0131l\u0131m\u0131yla ger\u00e7ekle\u015ftirilen proje, sanat\u0131 ve do\u011fay\u0131 ara\u00e7 olarak kullanarak \u00f6\u011frencileri kayna\u015ft\u0131rmay\u0131 ve akran kabul\u00fcn\u00fc g\u00fc\u00e7lendirmeyi ama\u00e7lad\u0131. Proje boyunca \u00f6\u011frenciler, drama, g\u00f6rsel sanatlar, m\u00fczik ve spor uygulamalar\u0131 alanlar\u0131nda birbirinden keyifli ve \u00f6\u011fretici etkinliklere kat\u0131ld\u0131. Ayr\u0131ca, tarihi ve k\u00fclt\u00fcrel miras bilincini peki\u015ftirmek amac\u0131yla Tralleis Antik Kenti\u2019ne unutulmaz bir gezi d\u00fczenlendi. Projenin kapan\u0131\u015f t\u00f6reni, \u00f6\u011frencilerin 5 g\u00fcn boyunca ortaya koydu\u011fu eme\u011fin ve \u00f6\u011frendiklerinin sahnelendi\u011fi \u00f6zel bir etkinli\u011fe d\u00f6n\u00fc\u015ft\u00fc. Kapan\u0131\u015fta, \u00f6\u011frencilerin at\u00f6lyelerde haz\u0131rlad\u0131klar\u0131 \u00e7al\u0131\u015fmalar\u0131n yer ald\u0131\u011f\u0131 sergi ve g\u00f6steriler b\u00fcy\u00fck be\u011feni toplad\u0131. Projenin a\u00e7\u0131l\u0131\u015f\u0131nda sanat\u0131n birle\u015ftirici g\u00fcc\u00fcne vurgu yapan \u0130l\u00e7e Milli E\u011fitim M\u00fcd\u00fcr\u00fc Hakan \u00d6zcan, kapan\u0131\u015f\u0131n bu amac\u0131n ger\u00e7ekle\u015fti\u011fini net bir \u015fekilde g\u00f6sterdi\u011fini belirtti. \u00d6zcan, projenin T\u00fcrkiye Y\u00fczy\u0131l\u0131 Maarif Modeli \u0131\u015f\u0131\u011f\u0131nda \u00f6\u011frencilerin sosyal ve duygusal geli\u015fimine sa\u011flad\u0131\u011f\u0131 katk\u0131n\u0131n \u00f6nemini vurgulad\u0131. Etkinlik sonunda, projenin ba\u015far\u0131s\u0131nda b\u00fcy\u00fck rol oynayan t\u00fcm uzman, e\u011fitmen ve rehber kadro ile birlikte kat\u0131l\u0131mc\u0131 \u00f6\u011frencilere emeklerinin kar\u015f\u0131l\u0131\u011f\u0131 olarak kat\u0131l\u0131m sertifikalar\u0131 takdim edildi. Efeler \u0130l\u00e7e Milli E\u011fitim M\u00fcd\u00fcrl\u00fc\u011f\u00fc, bu t\u00fcr projelerle \u00f6\u011frencilerin bilimsel, sanatsal ve sosyal geli\u015fimlerini desteklemeye devam edece\u011finin mesaj\u0131n\u0131 verdi.<br \/><\/p>\n","protected":false},"excerpt":{"rendered":"<p>Efeler \u0130l\u00e7e Milli E\u011fitim M\u00fcd\u00fcrl\u00fc\u011f\u00fc taraf\u0131ndan y\u00fcr\u00fct\u00fclen &#8220;Akran Kabul\u00fcnde Sanat ve Do\u011fa E\u011fitimi&#8221; projesi, 30 \u00f6\u011frencinin kat\u0131l\u0131m\u0131yla tamamland\u0131. \u00d6\u011frenciler drama, m\u00fczik, spor ve sanat etkinlikleriyle kayna\u015f\u0131rken Tralleis Antik Kenti gezisiyle k\u00fclt\u00fcrel miras\u0131 da tan\u0131d\u0131. Efeler \u0130l\u00e7e Milli E\u011fitim M\u00fcd\u00fcrl\u00fc\u011f\u00fc taraf\u0131ndan y\u00fcr\u00fct\u00fclen &#8220;Akran Kabul\u00fcnde Sanat ve Do\u011fa E\u011fitimi&#8221; projesi, 5 g\u00fcn s\u00fcren yo\u011fun ve keyifli \u00e7al\u0131\u015fmalar\u0131n&#8230;<\/p>\n","protected":false},"author":1,"featured_media":57699,"comment_status":"open","ping_status":"open","sticky":false,"template":"","format":"standard","meta":{"_crdt_document":"","footnotes":""},"categories":[1],"tags":[],"class_list":["post-57698","post","type-post","status-publish","format-standard","has-post-thumbnail","hentry","category-guncel"],"_links":{"self":[{"href":"https:\/\/www.egemtv.com\/index.php?rest_route=\/wp\/v2\/posts\/57698","targetHints":{"allow":["GET"]}}],"collection":[{"href":"https:\/\/www.egemtv.com\/index.php?rest_route=\/wp\/v2\/posts"}],"about":[{"href":"https:\/\/www.egemtv.com\/index.php?rest_route=\/wp\/v2\/types\/post"}],"author":[{"embeddable":true,"href":"https:\/\/www.egemtv.com\/index.php?rest_route=\/wp\/v2\/users\/1"}],"replies":[{"embeddable":true,"href":"https:\/\/www.egemtv.com\/index.php?rest_route=%2Fwp%2Fv2%2Fcomments&post=57698"}],"version-history":[{"count":1,"href":"https:\/\/www.egemtv.com\/index.php?rest_route=\/wp\/v2\/posts\/57698\/revisions"}],"predecessor-version":[{"id":57700,"href":"https:\/\/www.egemtv.com\/index.php?rest_route=\/wp\/v2\/posts\/57698\/revisions\/57700"}],"wp:featuredmedia":[{"embeddable":true,"href":"https:\/\/www.egemtv.com\/index.php?rest_route=\/wp\/v2\/media\/57699"}],"wp:attachment":[{"href":"https:\/\/www.egemtv.com\/index.php?rest_route=%2Fwp%2Fv2%2Fmedia&parent=57698"}],"wp:term":[{"taxonomy":"category","embeddable":true,"href":"https:\/\/www.egemtv.com\/index.php?rest_route=%2Fwp%2Fv2%2Fcategories&post=57698"},{"taxonomy":"post_tag","embeddable":true,"href":"https:\/\/www.egemtv.com\/index.php?rest_route=%2Fwp%2Fv2%2Ftags&post=57698"}],"curies":[{"name":"wp","href":"https:\/\/api.w.org\/{rel}","templated":true}]}}