{"id":57695,"date":"2025-09-27T12:35:43","date_gmt":"2025-09-27T09:35:43","guid":{"rendered":"https:\/\/www.egemtv.com\/?p=57695"},"modified":"2025-09-27T12:35:44","modified_gmt":"2025-09-27T09:35:44","slug":"didim-kadinlarin-gucu-ve-emegiyle-guzellesiyor","status":"publish","type":"post","link":"https:\/\/www.egemtv.com\/?p=57695","title":{"rendered":"Didim, kad\u0131nlar\u0131n g\u00fcc\u00fc ve eme\u011fiyle g\u00fczelle\u015fiyor"},"content":{"rendered":"<p>Didim\u2019de kad\u0131n dayan\u0131\u015fmas\u0131n\u0131n g\u00fcc\u00fc bir kez daha ortaya \u00e7\u0131kt\u0131. Didim Belediye Ba\u015fkan\u0131 Hatice Gen\u00e7ay, il\u00e7ede kad\u0131n m\u00fccadelesinin \u00f6nc\u00fclerinden olan Didim Kad\u0131n Platformu \u00fcyeleriyle bir araya geldi.<br \/>\n<br \/>Didim Belediyesi\u2019ne ait Didim Bar\u0131\u015fk\u00f6y Kahvalt\u0131 Salonu\u2019nda ger\u00e7ekle\u015fen bulu\u015fmada, kad\u0131nlar\u0131n sosyal, k\u00fclt\u00fcrel ve ekonomik hayatta daha etkin rol almalar\u0131 i\u00e7in fikir al\u0131\u015fveri\u015finde bulunuldu, gelece\u011fe d\u00f6n\u00fck g\u00fc\u00e7l\u00fc bir i\u015f birli\u011finin temelleri at\u0131ld\u0131. Toplant\u0131da s\u00f6z alan Didim Belediye Ba\u015fkan\u0131 Hatice Gen\u00e7ay; &#8220;Kad\u0131nlar sadece ya\u015fam\u0131n y\u00fck\u00fcn\u00fc de\u011fil, umudunu da ta\u015f\u0131yor. Biz bu g\u00fcc\u00fcn fark\u0131nday\u0131z. Didim\u2019in gelece\u011fini kad\u0131nlar\u0131n eme\u011fi, s\u00f6z\u00fc ve dayan\u0131\u015fmas\u0131yla birlikte daha da g\u00fczelle\u015ftirece\u011fiz. Kad\u0131nlar\u0131n hayat\u0131n her alan\u0131nda e\u015fit, \u00f6zg\u00fcr ve g\u00fc\u00e7l\u00fc bir \u015fekilde var olmalar\u0131 i\u00e7in \u00fczerimize d\u00fc\u015fen sorumlulu\u011fu yerine getirmeye devam edece\u011fiz&#8221; dedi.<br \/>\n<br \/>Didim Belediyesi\u2019nin kad\u0131n dayan\u0131\u015fmas\u0131na verdi\u011fi \u00f6nem, bu t\u00fcr bulu\u015fmalarla daha da peki\u015firken; kentte adil, kapsay\u0131c\u0131 ve umut dolu bir gelecek i\u00e7in ad\u0131mlar at\u0131lmaya devam ediliyor.<br \/><\/p>\n","protected":false},"excerpt":{"rendered":"<p>Didim\u2019de kad\u0131n dayan\u0131\u015fmas\u0131n\u0131n g\u00fcc\u00fc bir kez daha ortaya \u00e7\u0131kt\u0131. Didim Belediye Ba\u015fkan\u0131 Hatice Gen\u00e7ay, il\u00e7ede kad\u0131n m\u00fccadelesinin \u00f6nc\u00fclerinden olan Didim Kad\u0131n Platformu \u00fcyeleriyle bir araya geldi. Didim Belediyesi\u2019ne ait Didim Bar\u0131\u015fk\u00f6y Kahvalt\u0131 Salonu\u2019nda ger\u00e7ekle\u015fen bulu\u015fmada, kad\u0131nlar\u0131n sosyal, k\u00fclt\u00fcrel ve ekonomik hayatta daha etkin rol almalar\u0131 i\u00e7in fikir al\u0131\u015fveri\u015finde bulunuldu, gelece\u011fe d\u00f6n\u00fck g\u00fc\u00e7l\u00fc bir i\u015f birli\u011finin&#8230;<\/p>\n","protected":false},"author":1,"featured_media":57696,"comment_status":"open","ping_status":"open","sticky":false,"template":"","format":"standard","meta":{"_crdt_document":"","footnotes":""},"categories":[1],"tags":[],"class_list":["post-57695","post","type-post","status-publish","format-standard","has-post-thumbnail","hentry","category-guncel"],"_links":{"self":[{"href":"https:\/\/www.egemtv.com\/index.php?rest_route=\/wp\/v2\/posts\/57695","targetHints":{"allow":["GET"]}}],"collection":[{"href":"https:\/\/www.egemtv.com\/index.php?rest_route=\/wp\/v2\/posts"}],"about":[{"href":"https:\/\/www.egemtv.com\/index.php?rest_route=\/wp\/v2\/types\/post"}],"author":[{"embeddable":true,"href":"https:\/\/www.egemtv.com\/index.php?rest_route=\/wp\/v2\/users\/1"}],"replies":[{"embeddable":true,"href":"https:\/\/www.egemtv.com\/index.php?rest_route=%2Fwp%2Fv2%2Fcomments&post=57695"}],"version-history":[{"count":1,"href":"https:\/\/www.egemtv.com\/index.php?rest_route=\/wp\/v2\/posts\/57695\/revisions"}],"predecessor-version":[{"id":57697,"href":"https:\/\/www.egemtv.com\/index.php?rest_route=\/wp\/v2\/posts\/57695\/revisions\/57697"}],"wp:featuredmedia":[{"embeddable":true,"href":"https:\/\/www.egemtv.com\/index.php?rest_route=\/wp\/v2\/media\/57696"}],"wp:attachment":[{"href":"https:\/\/www.egemtv.com\/index.php?rest_route=%2Fwp%2Fv2%2Fmedia&parent=57695"}],"wp:term":[{"taxonomy":"category","embeddable":true,"href":"https:\/\/www.egemtv.com\/index.php?rest_route=%2Fwp%2Fv2%2Fcategories&post=57695"},{"taxonomy":"post_tag","embeddable":true,"href":"https:\/\/www.egemtv.com\/index.php?rest_route=%2Fwp%2Fv2%2Ftags&post=57695"}],"curies":[{"name":"wp","href":"https:\/\/api.w.org\/{rel}","templated":true}]}}