{"id":57692,"date":"2025-09-27T12:16:36","date_gmt":"2025-09-27T09:16:36","guid":{"rendered":"https:\/\/www.egemtv.com\/?p=57692"},"modified":"2025-09-27T12:16:37","modified_gmt":"2025-09-27T09:16:37","slug":"baskan-kaya-talep-etti-atil-ust-gecit-kaldiriliyor","status":"publish","type":"post","link":"https:\/\/www.egemtv.com\/?p=57692","title":{"rendered":"Ba\u015fkan Kaya talep etti, at\u0131l \u00fcst ge\u00e7it kald\u0131r\u0131l\u0131yor"},"content":{"rendered":"<p>Ayd\u0131n\u2019\u0131n \u0130ncirliova il\u00e7esinde bulunan ve uzun s\u00fcredir kullan\u0131lmayan \u00fcst ge\u00e7it, \u0130ncirliova Belediyesi\u2019nin talebi \u00fczerine Karayollar\u0131 Genel M\u00fcd\u00fcrl\u00fc\u011f\u00fc taraf\u0131ndan kald\u0131r\u0131lmaya ba\u015fland\u0131. \u015eehit Aste\u011fmen S\u00fcleyman \u00c7aml\u0131ca Bulvar\u0131 \u00fczerinde yer alan yap\u0131n\u0131n s\u00f6k\u00fcm \u00e7al\u0131\u015fmalar\u0131 devam ediyor.<br \/>\n<br \/>\u0130ncirliova il\u00e7esinde Ayd\u0131n-\u0130zmir karayolu \u00fczerinde bulunan \u00fcst ge\u00e7idin s\u00f6k\u00fcm\u00fc i\u00e7in ekipler \u00e7al\u0131\u015fma ba\u015flatt\u0131. \u0130ncirliova \u0130l\u00e7e Emniyet M\u00fcd\u00fcrl\u00fc\u011f\u00fc trafik ekipleri, Germencik istikametine gidi\u015f \u015feridini trafi\u011fe kapatt\u0131. Trafik ak\u0131\u015f\u0131 tek \u015feritten sa\u011flan\u0131rken ekiplerin \u00fcst ge\u00e7idi s\u00f6kme \u00e7al\u0131\u015fmalar\u0131 h\u0131zla devam ediyor.<br \/>\n<br \/>\u0130ncirliova\u2019n\u0131n en i\u015flek arterlerinden biri olan bulvar \u00fczerindeki \u00fcst ge\u00e7it, hem kullan\u0131m \u00f6mr\u00fcn\u00fc tamamlam\u0131\u015f olmas\u0131 hem de engelli ve ya\u015fl\u0131 bireyler i\u00e7in uygun olmamas\u0131 nedeniyle vatanda\u015flar taraf\u0131ndan tercih edilmiyordu. Yaya ge\u00e7idinin aktif olarak kullan\u0131lmas\u0131, \u00fcst ge\u00e7idin i\u015flevsiz hale gelmesine neden olmu\u015ftu.<br \/>\n<br \/>Konuyla ilgili a\u00e7\u0131klama yapan \u0130ncirliova Belediye Ba\u015fkan\u0131 Aytekin Kaya, s\u00fcrecin takip\u00e7isi olduklar\u0131n\u0131 ve nihayet somut ad\u0131mlar at\u0131lmas\u0131ndan memnuniyet duyduklar\u0131n\u0131 belirtti. Kaya, a\u00e7\u0131klamas\u0131nda &#8220;\u015eehit Aste\u011fmen S\u00fcleyman \u00c7aml\u0131ca Bulvar\u0131 \u00fczerinde yer alan \u00fcst ge\u00e7idimiz uzun y\u0131llar \u00f6nce ekonomik \u00f6mr\u00fcn\u00fc tamamlam\u0131\u015ft\u0131. Engelli ve ya\u015fl\u0131 vatanda\u015flar\u0131m\u0131z\u0131n kullan\u0131m\u0131na uygun olmayan, yaya yolundan ge\u00e7i\u015fin daha kolay olmas\u0131 nedeniyle tercih edilmeyen ve Ayd\u0131n-\u0130zmir Karayolu \u00fczerinde at\u0131l durumda bulunan \u00fcst ge\u00e7idin, talebimiz do\u011frultusunda Karayollar\u0131 Genel M\u00fcd\u00fcrl\u00fc\u011f\u00fcm\u00fcz taraf\u0131ndan kald\u0131r\u0131lmas\u0131na ba\u015flanm\u0131\u015ft\u0131r. Hem g\u00f6r\u00fcnt\u00fc kirlili\u011fine neden olan hem de bir\u00e7ok olumsuz olaya zemin haz\u0131rlayan \u00fcst ge\u00e7idin kald\u0131r\u0131lma \u00e7al\u0131\u015fmalar\u0131nda eme\u011fi ge\u00e7en ba\u015fta Ayd\u0131n Valimiz Yakup Canbolat olmak \u00fczere, Karayollar\u0131 2. B\u00f6lge M\u00fcd\u00fcr\u00fcm\u00fcz Murat G\u00f6nenli\u2019ye, Karayollar\u0131 28. \u015eube \u015eefimiz Bu\u011fra Soyer\u2019e ve katk\u0131 sunan t\u00fcm payda\u015flara ayr\u0131 ayr\u0131 te\u015fekk\u00fcr ediyorum&#8221; ifadelerine yer verdi.<br \/><\/p>\n","protected":false},"excerpt":{"rendered":"<p>Ayd\u0131n\u2019\u0131n \u0130ncirliova il\u00e7esinde bulunan ve uzun s\u00fcredir kullan\u0131lmayan \u00fcst ge\u00e7it, \u0130ncirliova Belediyesi\u2019nin talebi \u00fczerine Karayollar\u0131 Genel M\u00fcd\u00fcrl\u00fc\u011f\u00fc taraf\u0131ndan kald\u0131r\u0131lmaya ba\u015fland\u0131. \u015eehit Aste\u011fmen S\u00fcleyman \u00c7aml\u0131ca Bulvar\u0131 \u00fczerinde yer alan yap\u0131n\u0131n s\u00f6k\u00fcm \u00e7al\u0131\u015fmalar\u0131 devam ediyor. \u0130ncirliova il\u00e7esinde Ayd\u0131n-\u0130zmir karayolu \u00fczerinde bulunan \u00fcst ge\u00e7idin s\u00f6k\u00fcm\u00fc i\u00e7in ekipler \u00e7al\u0131\u015fma ba\u015flatt\u0131. \u0130ncirliova \u0130l\u00e7e Emniyet M\u00fcd\u00fcrl\u00fc\u011f\u00fc trafik ekipleri, Germencik istikametine gidi\u015f&#8230;<\/p>\n","protected":false},"author":1,"featured_media":57693,"comment_status":"open","ping_status":"open","sticky":false,"template":"","format":"standard","meta":{"_crdt_document":"","footnotes":""},"categories":[1],"tags":[],"class_list":["post-57692","post","type-post","status-publish","format-standard","has-post-thumbnail","hentry","category-guncel"],"_links":{"self":[{"href":"https:\/\/www.egemtv.com\/index.php?rest_route=\/wp\/v2\/posts\/57692","targetHints":{"allow":["GET"]}}],"collection":[{"href":"https:\/\/www.egemtv.com\/index.php?rest_route=\/wp\/v2\/posts"}],"about":[{"href":"https:\/\/www.egemtv.com\/index.php?rest_route=\/wp\/v2\/types\/post"}],"author":[{"embeddable":true,"href":"https:\/\/www.egemtv.com\/index.php?rest_route=\/wp\/v2\/users\/1"}],"replies":[{"embeddable":true,"href":"https:\/\/www.egemtv.com\/index.php?rest_route=%2Fwp%2Fv2%2Fcomments&post=57692"}],"version-history":[{"count":1,"href":"https:\/\/www.egemtv.com\/index.php?rest_route=\/wp\/v2\/posts\/57692\/revisions"}],"predecessor-version":[{"id":57694,"href":"https:\/\/www.egemtv.com\/index.php?rest_route=\/wp\/v2\/posts\/57692\/revisions\/57694"}],"wp:featuredmedia":[{"embeddable":true,"href":"https:\/\/www.egemtv.com\/index.php?rest_route=\/wp\/v2\/media\/57693"}],"wp:attachment":[{"href":"https:\/\/www.egemtv.com\/index.php?rest_route=%2Fwp%2Fv2%2Fmedia&parent=57692"}],"wp:term":[{"taxonomy":"category","embeddable":true,"href":"https:\/\/www.egemtv.com\/index.php?rest_route=%2Fwp%2Fv2%2Fcategories&post=57692"},{"taxonomy":"post_tag","embeddable":true,"href":"https:\/\/www.egemtv.com\/index.php?rest_route=%2Fwp%2Fv2%2Ftags&post=57692"}],"curies":[{"name":"wp","href":"https:\/\/api.w.org\/{rel}","templated":true}]}}