{"id":57686,"date":"2025-09-27T12:16:33","date_gmt":"2025-09-27T09:16:33","guid":{"rendered":"https:\/\/www.egemtv.com\/?p=57686"},"modified":"2025-09-27T12:16:34","modified_gmt":"2025-09-27T09:16:34","slug":"baskan-gencay-avdan-donen-balikcilari-karsiladi","status":"publish","type":"post","link":"https:\/\/www.egemtv.com\/?p=57686","title":{"rendered":"Ba\u015fkan Gen\u00e7ay, avdan d\u00f6nen bal\u0131k\u00e7\u0131lar\u0131 kar\u015f\u0131lad\u0131"},"content":{"rendered":"<p>Didim Belediye Ba\u015fkan\u0131 Hatice Gen\u00e7ay, sabah\u0131n ilk \u0131\u015f\u0131klar\u0131yla birlikte Alt\u0131nkum \u0130skelesi\u2019nde avdan d\u00f6nen bal\u0131k\u00e7\u0131larla bir araya geldi.<br \/>\n<br \/>Alt\u0131nkum\u2019un e\u015fsiz sahilinde deniz emek\u00e7ilerini kar\u015f\u0131layan Ba\u015fkan Gen\u00e7ay, bal\u0131k\u00e7\u0131larla samimi sohbetler ger\u00e7ekle\u015ftirdi, bereketli ve kazan\u00e7l\u0131 bir sezon temennisinde bulundu. Bal\u0131k\u00e7\u0131lar\u0131n sorunlar\u0131n\u0131 ve taleplerini de dikkatle dinleyen Ba\u015fkan Gen\u00e7ay, \u00e7\u00f6z\u00fcm i\u00e7in gerekli ad\u0131mlar\u0131n at\u0131laca\u011f\u0131n\u0131 ifade etti. Ziyaret sonras\u0131 de\u011ferlendirmelerde bulunan Didim Belediye Ba\u015fkan\u0131 Hatice Gen\u00e7ay; &#8220;&#8221;Bug\u00fcn il\u00e7emizin en \u00f6nemli turizm noktalar\u0131ndan biri olan Alt\u0131nkum Sahili\u2019nde, denizlerimizin emektarlar\u0131 bal\u0131k\u00e7\u0131lar\u0131m\u0131zla bir araya geldik. Sabah\u0131n erken saatlerinde avdan d\u00f6nen bal\u0131k\u00e7\u0131lar\u0131m\u0131z\u0131 Alt\u0131nkum \u0130skelesi\u2019nde kar\u015f\u0131layarak, \u2018Bereketli olsun\u2019 dileklerimizi ilettik. Onlarla samimi bir ortamda sohbet ettik, hem sezonla ilgili d\u00fc\u015f\u00fcncelerini hem de taleplerini dinledik. Denizle i\u00e7 i\u00e7e ya\u015fayan bu kadim mesle\u011fi s\u00fcrd\u00fcren bal\u0131k\u00e7\u0131lar\u0131m\u0131z, Didim\u2019in k\u00fclt\u00fcrel ve ekonomik ya\u015fam\u0131na b\u00fcy\u00fck katk\u0131 sa\u011fl\u0131yor. Belediye olarak her zaman yanlar\u0131nda olmaya devam edece\u011fiz. T\u00fcm bal\u0131k\u00e7\u0131lar\u0131m\u0131za huzurlu, sa\u011fl\u0131kl\u0131 ve bol kazan\u00e7l\u0131 bir sezon diliyorum&#8221; dedi.<br \/><\/p>\n","protected":false},"excerpt":{"rendered":"<p>Didim Belediye Ba\u015fkan\u0131 Hatice Gen\u00e7ay, sabah\u0131n ilk \u0131\u015f\u0131klar\u0131yla birlikte Alt\u0131nkum \u0130skelesi\u2019nde avdan d\u00f6nen bal\u0131k\u00e7\u0131larla bir araya geldi. Alt\u0131nkum\u2019un e\u015fsiz sahilinde deniz emek\u00e7ilerini kar\u015f\u0131layan Ba\u015fkan Gen\u00e7ay, bal\u0131k\u00e7\u0131larla samimi sohbetler ger\u00e7ekle\u015ftirdi, bereketli ve kazan\u00e7l\u0131 bir sezon temennisinde bulundu. Bal\u0131k\u00e7\u0131lar\u0131n sorunlar\u0131n\u0131 ve taleplerini de dikkatle dinleyen Ba\u015fkan Gen\u00e7ay, \u00e7\u00f6z\u00fcm i\u00e7in gerekli ad\u0131mlar\u0131n at\u0131laca\u011f\u0131n\u0131 ifade etti. Ziyaret sonras\u0131 de\u011ferlendirmelerde&#8230;<\/p>\n","protected":false},"author":1,"featured_media":57687,"comment_status":"open","ping_status":"open","sticky":false,"template":"","format":"standard","meta":{"_crdt_document":"","footnotes":""},"categories":[1],"tags":[],"class_list":["post-57686","post","type-post","status-publish","format-standard","has-post-thumbnail","hentry","category-guncel"],"_links":{"self":[{"href":"https:\/\/www.egemtv.com\/index.php?rest_route=\/wp\/v2\/posts\/57686","targetHints":{"allow":["GET"]}}],"collection":[{"href":"https:\/\/www.egemtv.com\/index.php?rest_route=\/wp\/v2\/posts"}],"about":[{"href":"https:\/\/www.egemtv.com\/index.php?rest_route=\/wp\/v2\/types\/post"}],"author":[{"embeddable":true,"href":"https:\/\/www.egemtv.com\/index.php?rest_route=\/wp\/v2\/users\/1"}],"replies":[{"embeddable":true,"href":"https:\/\/www.egemtv.com\/index.php?rest_route=%2Fwp%2Fv2%2Fcomments&post=57686"}],"version-history":[{"count":1,"href":"https:\/\/www.egemtv.com\/index.php?rest_route=\/wp\/v2\/posts\/57686\/revisions"}],"predecessor-version":[{"id":57688,"href":"https:\/\/www.egemtv.com\/index.php?rest_route=\/wp\/v2\/posts\/57686\/revisions\/57688"}],"wp:featuredmedia":[{"embeddable":true,"href":"https:\/\/www.egemtv.com\/index.php?rest_route=\/wp\/v2\/media\/57687"}],"wp:attachment":[{"href":"https:\/\/www.egemtv.com\/index.php?rest_route=%2Fwp%2Fv2%2Fmedia&parent=57686"}],"wp:term":[{"taxonomy":"category","embeddable":true,"href":"https:\/\/www.egemtv.com\/index.php?rest_route=%2Fwp%2Fv2%2Fcategories&post=57686"},{"taxonomy":"post_tag","embeddable":true,"href":"https:\/\/www.egemtv.com\/index.php?rest_route=%2Fwp%2Fv2%2Ftags&post=57686"}],"curies":[{"name":"wp","href":"https:\/\/api.w.org\/{rel}","templated":true}]}}