{"id":57683,"date":"2025-09-27T12:16:32","date_gmt":"2025-09-27T09:16:32","guid":{"rendered":"https:\/\/www.egemtv.com\/?p=57683"},"modified":"2025-09-27T12:16:33","modified_gmt":"2025-09-27T09:16:33","slug":"elma-diyari-egirdirde-hasat-basladi-kuraklik-rekolteyi-vurdu","status":"publish","type":"post","link":"https:\/\/www.egemtv.com\/?p=57683","title":{"rendered":"Elma diyar\u0131 E\u011firdir\u2019de hasat ba\u015flad\u0131, kurakl\u0131k rekolteyi vurdu"},"content":{"rendered":"<p>T\u00fcrkiye\u2019nin \u00f6nemli elma \u00fcretim merkezlerinden biri olan Isparta E\u011firdir\u2019de hasat sezonu ba\u015flad\u0131. \u00dcreticiler, don ve kurakl\u0131k nedeniyle bu y\u0131l verimde ciddi d\u00fc\u015f\u00fc\u015f ya\u015fand\u0131\u011f\u0131n\u0131 belirtirken, elma bah\u00e7elerinde hummal\u0131 \u00e7al\u0131\u015fma s\u00fcr\u00fcyor. Elma \u00fcreticisi Hasan Polat, bu sezon verim ve kalite a\u00e7\u0131s\u0131ndan durumun i\u00e7 a\u00e7\u0131c\u0131 olmad\u0131\u011f\u0131n\u0131 belirterek, &#8220;Susuzluktan dolay\u0131 yakla\u015f\u0131k y\u00fczde 80 oran\u0131nda kay\u0131p ya\u015fad\u0131k&#8221; dedi.<br \/>\n<br \/>T\u00fcrkiye\u2019de yeti\u015ftirilen her 4 elmadan birinin \u00fcretildi\u011fi Isparta\u2019da Eyl\u00fcl ay\u0131 ile birlikte bah\u00e7elerde hareketlilik artt\u0131. \u00d6zellikle E\u011firdir, Gelendost, G\u00f6nen ve Atabey il\u00e7elerinde yo\u011fun olarak yap\u0131lan elma yeti\u015ftiricili\u011fi, bu y\u0131l kurakl\u0131k ve sulama problemleriyle sekteye u\u011frad\u0131. 2023 y\u0131l\u0131 A\u011fustos ay\u0131nda co\u011frafi i\u015faret tescili alan Isparta elmas\u0131, aroma, tat ve kalite a\u00e7\u0131s\u0131ndan \u00fclke genelinde \u00f6nemli bir konuma sahip. Ancak iklimsel olumsuzluklar, \u00fcreticilerin hem verim hem de kalite a\u00e7\u0131s\u0131ndan zor bir sezon ge\u00e7irmesine yol a\u00e7t\u0131.<\/p>\n<p>&#8220;Rekoltede y\u00fczde 80\u2019e varan kay\u0131p var&#8221;<br \/>\n<br \/>Elma \u00fcreticisi Hasan Polat, hasad\u0131n ba\u015flad\u0131\u011f\u0131n\u0131 ancak verim ve kalite a\u00e7\u0131s\u0131ndan durumun i\u00e7 a\u00e7\u0131c\u0131 olmad\u0131\u011f\u0131n\u0131 belirterek, &#8220;4 g\u00fcnd\u00fcr Golden cinsi elmalar\u0131m\u0131zla hasada ba\u015flad\u0131k. Ancak Starking t\u00fcr\u00fcnde yeterli renklenme ve kalite olu\u015fmad\u0131\u011f\u0131 i\u00e7in biraz daha bekliyoruz. Golden hasad\u0131m\u0131z s\u00fcr\u00fcyor fakat genel olarak ciddi bir verim kayb\u0131 s\u00f6z konusu. Suyun yetersizli\u011fi \u00fcretimi do\u011frudan etkiledi. Rekoltemiz bu y\u0131l iyiydi asl\u0131nda, ama susuzluktan dolay\u0131 yakla\u015f\u0131k y\u00fczde 80 oran\u0131nda kay\u0131p ya\u015f\u0131yoruz&#8221; dedi.<\/p>\n<p>&#8220;Bu sezon emeklerinin kar\u015f\u0131l\u0131\u011f\u0131n\u0131 almalar\u0131 m\u00fcmk\u00fcn de\u011fil&#8221;<br \/>\n<br \/>Polat, \u00f6zellikle E\u011firdir G\u00f6l\u00fc\u2019ndeki kurakl\u0131k nedeniyle sulama konusunda b\u00fcy\u00fck s\u0131k\u0131nt\u0131lar ya\u015fand\u0131\u011f\u0131n\u0131 vurgulayarak, &#8220;Suya ula\u015fabilen \u00fcreticiler daha avantajl\u0131 durumda. Suyu olmayan \u00fcreticiler ise genellikle meyve suyu sanayisine g\u00f6nderilecek d\u00fc\u015f\u00fck kaliteli elma \u00fcretmek zorunda kald\u0131. M\u00fcstahsil zor durumda, emeklerinin kar\u015f\u0131l\u0131\u011f\u0131n\u0131 almalar\u0131 m\u00fcmk\u00fcn de\u011fil&#8221; ifadelerini kulland\u0131.<\/p>\n<p>\u0130\u015f\u00e7i s\u0131k\u0131nt\u0131s\u0131 bu y\u0131l ya\u015fanmad\u0131<br \/>\n<br \/>Hasat d\u00f6neminde en \u00e7ok ya\u015fanan sorunlardan biri olan i\u015f\u00e7i bulma s\u0131k\u0131nt\u0131s\u0131n\u0131n bu y\u0131l olmad\u0131\u011f\u0131n\u0131 dile getiren Polat, &#8220;Bu sezon i\u015f\u00e7i bulma konusunda sorun ya\u015famad\u0131k. Bo\u011fazova gibi b\u00f6lgelerde \u00fcretim d\u00fc\u015f\u00fck oldu\u011fu i\u00e7in i\u015f\u00e7ilik rahat ge\u00e7ti. Ancak elman\u0131n bol oldu\u011fu Aksu ve Y\u0131lanl\u0131 gibi y\u00fcksek rak\u0131ml\u0131 b\u00f6lgelerde hasat hen\u00fcz ba\u015flamad\u0131. Oralarda 10-15 g\u00fcn i\u00e7inde yo\u011funluk ya\u015fanabilir&#8221; diye konu\u015ftu. \u0130\u015f\u00e7ilerin g\u00fcnl\u00fck yevmiyelerinin ise bin ile bin 200 TL aras\u0131nda de\u011fi\u015fti\u011fi belirtildi.<\/p>\n<p>So\u011fuk hava depolar\u0131na g\u00f6nderiliyor<br \/>\n<br \/>Toplanan elmalar, E\u011firdir\u2019de bulunan so\u011fuk hava depolar\u0131na ta\u015f\u0131n\u0131yor. Burada muhafaza edilen elmalar hem i\u00e7 pazarda hem de yurt d\u0131\u015f\u0131 ihracat\u0131nda de\u011ferlendiriliyor. Polat, elma hasad\u0131n\u0131n Ekim ortalar\u0131na kadar devam edece\u011fini ve bu s\u00fcre\u00e7te \u00fcreticilerin meyvelerini pazara haz\u0131rlamay\u0131 s\u00fcrd\u00fcrece\u011fini ifade etti.<br \/>\n<br \/>Elma bah\u00e7elerinde yo\u011fun tempoyla \u00e7al\u0131\u015fan tar\u0131m i\u015f\u00e7ileri ise sezonun t\u00fcm \u00fcreticilere ve \u00e7al\u0131\u015fanlara hay\u0131rl\u0131 ve bereketli ge\u00e7mesini temenni etti.<br \/><\/p>\n","protected":false},"excerpt":{"rendered":"<p>T\u00fcrkiye\u2019nin \u00f6nemli elma \u00fcretim merkezlerinden biri olan Isparta E\u011firdir\u2019de hasat sezonu ba\u015flad\u0131. \u00dcreticiler, don ve kurakl\u0131k nedeniyle bu y\u0131l verimde ciddi d\u00fc\u015f\u00fc\u015f ya\u015fand\u0131\u011f\u0131n\u0131 belirtirken, elma bah\u00e7elerinde hummal\u0131 \u00e7al\u0131\u015fma s\u00fcr\u00fcyor. Elma \u00fcreticisi Hasan Polat, bu sezon verim ve kalite a\u00e7\u0131s\u0131ndan durumun i\u00e7 a\u00e7\u0131c\u0131 olmad\u0131\u011f\u0131n\u0131 belirterek, &#8220;Susuzluktan dolay\u0131 yakla\u015f\u0131k y\u00fczde 80 oran\u0131nda kay\u0131p ya\u015fad\u0131k&#8221; dedi. T\u00fcrkiye\u2019de yeti\u015ftirilen&#8230;<\/p>\n","protected":false},"author":1,"featured_media":57684,"comment_status":"open","ping_status":"open","sticky":false,"template":"","format":"standard","meta":{"_crdt_document":"","footnotes":""},"categories":[1],"tags":[],"class_list":["post-57683","post","type-post","status-publish","format-standard","has-post-thumbnail","hentry","category-guncel"],"_links":{"self":[{"href":"https:\/\/www.egemtv.com\/index.php?rest_route=\/wp\/v2\/posts\/57683","targetHints":{"allow":["GET"]}}],"collection":[{"href":"https:\/\/www.egemtv.com\/index.php?rest_route=\/wp\/v2\/posts"}],"about":[{"href":"https:\/\/www.egemtv.com\/index.php?rest_route=\/wp\/v2\/types\/post"}],"author":[{"embeddable":true,"href":"https:\/\/www.egemtv.com\/index.php?rest_route=\/wp\/v2\/users\/1"}],"replies":[{"embeddable":true,"href":"https:\/\/www.egemtv.com\/index.php?rest_route=%2Fwp%2Fv2%2Fcomments&post=57683"}],"version-history":[{"count":1,"href":"https:\/\/www.egemtv.com\/index.php?rest_route=\/wp\/v2\/posts\/57683\/revisions"}],"predecessor-version":[{"id":57685,"href":"https:\/\/www.egemtv.com\/index.php?rest_route=\/wp\/v2\/posts\/57683\/revisions\/57685"}],"wp:featuredmedia":[{"embeddable":true,"href":"https:\/\/www.egemtv.com\/index.php?rest_route=\/wp\/v2\/media\/57684"}],"wp:attachment":[{"href":"https:\/\/www.egemtv.com\/index.php?rest_route=%2Fwp%2Fv2%2Fmedia&parent=57683"}],"wp:term":[{"taxonomy":"category","embeddable":true,"href":"https:\/\/www.egemtv.com\/index.php?rest_route=%2Fwp%2Fv2%2Fcategories&post=57683"},{"taxonomy":"post_tag","embeddable":true,"href":"https:\/\/www.egemtv.com\/index.php?rest_route=%2Fwp%2Fv2%2Ftags&post=57683"}],"curies":[{"name":"wp","href":"https:\/\/api.w.org\/{rel}","templated":true}]}}