{"id":57680,"date":"2025-09-27T12:16:31","date_gmt":"2025-09-27T09:16:31","guid":{"rendered":"https:\/\/www.egemtv.com\/?p=57680"},"modified":"2025-09-27T12:16:32","modified_gmt":"2025-09-27T09:16:32","slug":"izmirde-agac-park-halindeki-otomobillerin-uzerine-devrildi","status":"publish","type":"post","link":"https:\/\/www.egemtv.com\/?p=57680","title":{"rendered":"\u0130zmir\u2019de a\u011fa\u00e7 park halindeki otomobillerin \u00fczerine devrildi"},"content":{"rendered":"<p>\u0130zmir\u2019in Konak il\u00e7esinde cadde \u00fczerindeki bir a\u011fa\u00e7, hen\u00fcz belirlenemeyen bir nedenle park halindeki ara\u00e7lar\u0131n \u00fczerine devrildi. Olayda bir ara\u00e7ta maddi hasar meydana gelirken, cadde bir s\u00fcre trafi\u011fe kapand\u0131.<br \/>\n<br \/>Olay, saat 10.00 s\u0131ralar\u0131nda Konak il\u00e7esi Mimar Sinan Caddesi \u00fczerinde meydana geldi. Edinilen bilgiye g\u00f6re, cadde kenar\u0131nda bulunan bir a\u011fa\u00e7, bilinmeyen bir sebeple k\u00f6k\u00fcnden koparak park halindeki otomobillerin \u00fczerine devrildi. Durumun bildirilmesi \u00fczerine olay yerine itfaiye ve belediye ekipleri sevk edildi.<br \/>\n<br \/>A\u011fac\u0131n devrilmesi sonucu bir ara\u00e7ta maddi hasar olu\u015furken, cadde g\u00fcvenlik gerek\u00e7esiyle trafi\u011fe kapat\u0131ld\u0131. Ekiplerin devrilen a\u011fac\u0131 kald\u0131rmas\u0131n\u0131n ard\u0131ndan yol yeniden trafi\u011fe a\u00e7\u0131ld\u0131.<br \/><\/p>\n","protected":false},"excerpt":{"rendered":"<p>\u0130zmir\u2019in Konak il\u00e7esinde cadde \u00fczerindeki bir a\u011fa\u00e7, hen\u00fcz belirlenemeyen bir nedenle park halindeki ara\u00e7lar\u0131n \u00fczerine devrildi. Olayda bir ara\u00e7ta maddi hasar meydana gelirken, cadde bir s\u00fcre trafi\u011fe kapand\u0131. Olay, saat 10.00 s\u0131ralar\u0131nda Konak il\u00e7esi Mimar Sinan Caddesi \u00fczerinde meydana geldi. Edinilen bilgiye g\u00f6re, cadde kenar\u0131nda bulunan bir a\u011fa\u00e7, bilinmeyen bir sebeple k\u00f6k\u00fcnden koparak park halindeki&#8230;<\/p>\n","protected":false},"author":1,"featured_media":57681,"comment_status":"open","ping_status":"open","sticky":false,"template":"","format":"standard","meta":{"_crdt_document":"","footnotes":""},"categories":[5],"tags":[],"class_list":["post-57680","post","type-post","status-publish","format-standard","has-post-thumbnail","hentry","category-asayis"],"_links":{"self":[{"href":"https:\/\/www.egemtv.com\/index.php?rest_route=\/wp\/v2\/posts\/57680","targetHints":{"allow":["GET"]}}],"collection":[{"href":"https:\/\/www.egemtv.com\/index.php?rest_route=\/wp\/v2\/posts"}],"about":[{"href":"https:\/\/www.egemtv.com\/index.php?rest_route=\/wp\/v2\/types\/post"}],"author":[{"embeddable":true,"href":"https:\/\/www.egemtv.com\/index.php?rest_route=\/wp\/v2\/users\/1"}],"replies":[{"embeddable":true,"href":"https:\/\/www.egemtv.com\/index.php?rest_route=%2Fwp%2Fv2%2Fcomments&post=57680"}],"version-history":[{"count":1,"href":"https:\/\/www.egemtv.com\/index.php?rest_route=\/wp\/v2\/posts\/57680\/revisions"}],"predecessor-version":[{"id":57682,"href":"https:\/\/www.egemtv.com\/index.php?rest_route=\/wp\/v2\/posts\/57680\/revisions\/57682"}],"wp:featuredmedia":[{"embeddable":true,"href":"https:\/\/www.egemtv.com\/index.php?rest_route=\/wp\/v2\/media\/57681"}],"wp:attachment":[{"href":"https:\/\/www.egemtv.com\/index.php?rest_route=%2Fwp%2Fv2%2Fmedia&parent=57680"}],"wp:term":[{"taxonomy":"category","embeddable":true,"href":"https:\/\/www.egemtv.com\/index.php?rest_route=%2Fwp%2Fv2%2Fcategories&post=57680"},{"taxonomy":"post_tag","embeddable":true,"href":"https:\/\/www.egemtv.com\/index.php?rest_route=%2Fwp%2Fv2%2Ftags&post=57680"}],"curies":[{"name":"wp","href":"https:\/\/api.w.org\/{rel}","templated":true}]}}