{"id":57677,"date":"2025-09-27T12:16:30","date_gmt":"2025-09-27T09:16:30","guid":{"rendered":"https:\/\/www.egemtv.com\/?p=57677"},"modified":"2025-09-27T12:16:31","modified_gmt":"2025-09-27T09:16:31","slug":"potada-izmir-derbisi","status":"publish","type":"post","link":"https:\/\/www.egemtv.com\/?p=57677","title":{"rendered":"Potada \u0130zmir derbisi"},"content":{"rendered":"<p>\u0130zmir\u2019in iki temsilcisi Alia\u011fa Petkimspor ve Kar\u015f\u0131yaka, Basketbol S\u00fcper Ligi\u2019nin ilk haftas\u0131nda yar\u0131n Alia\u011fa\u2019da kar\u015f\u0131 kar\u015f\u0131ya gelecek.<br \/>\n<br \/>Basketbol S\u00fcper Ligi\u2019nin a\u00e7\u0131l\u0131\u015f haftas\u0131nda heyecan dolu bir \u0130zmir derbisi ya\u015fanacak. \u0130zmir\u2019in iki ekibi Alia\u011fa Petkimspor ile Kar\u015f\u0131yaka, yar\u0131n saat 13.00\u2019te Enka Spor Salonu\u2019nda kar\u015f\u0131 kar\u015f\u0131ya gelecek. M\u00fcsabakay\u0131 Kerem Baki, Alper Altu\u011f K\u00f6selerli ve Tolga Akku\u015fo\u011flu y\u00f6netecek. \u0130ki tak\u0131m da kazanarak sezona galibiyetle ba\u015flamak istiyor.<br \/>\n<br \/>Her iki ekipte de antren\u00f6rler, tak\u0131mlar\u0131n\u0131n ba\u015f\u0131nda ilk resmi ma\u00e7lar\u0131na \u00e7\u0131kman\u0131n heyecan\u0131n\u0131 ya\u015f\u0131yor. Petkimspor, yaz d\u00f6neminde Burak G\u00f6ren\u2019le yollar\u0131n\u0131 ay\u0131rmas\u0131n\u0131n ard\u0131ndan tak\u0131m\u0131n ba\u015f\u0131na \u00d6zhan \u00c7\u0131vg\u0131n\u2019\u0131 getirdi. Benzer bir s\u00fcre\u00e7 ye\u015fil-k\u0131rm\u0131z\u0131l\u0131larda da ya\u015fand\u0131. Kar\u015f\u0131yaka, Ahmet \u00c7ak\u0131 ile vedala\u015ft\u0131ktan sonra ba\u015fantren\u00f6rl\u00fck g\u00f6revine Faruk Be\u015fok\u2019u getirdi.<br \/><\/p>\n","protected":false},"excerpt":{"rendered":"<p>\u0130zmir\u2019in iki temsilcisi Alia\u011fa Petkimspor ve Kar\u015f\u0131yaka, Basketbol S\u00fcper Ligi\u2019nin ilk haftas\u0131nda yar\u0131n Alia\u011fa\u2019da kar\u015f\u0131 kar\u015f\u0131ya gelecek. Basketbol S\u00fcper Ligi\u2019nin a\u00e7\u0131l\u0131\u015f haftas\u0131nda heyecan dolu bir \u0130zmir derbisi ya\u015fanacak. \u0130zmir\u2019in iki ekibi Alia\u011fa Petkimspor ile Kar\u015f\u0131yaka, yar\u0131n saat 13.00\u2019te Enka Spor Salonu\u2019nda kar\u015f\u0131 kar\u015f\u0131ya gelecek. M\u00fcsabakay\u0131 Kerem Baki, Alper Altu\u011f K\u00f6selerli ve Tolga Akku\u015fo\u011flu y\u00f6netecek. \u0130ki&#8230;<\/p>\n","protected":false},"author":1,"featured_media":57678,"comment_status":"open","ping_status":"open","sticky":false,"template":"","format":"standard","meta":{"_crdt_document":"","footnotes":""},"categories":[4],"tags":[],"class_list":["post-57677","post","type-post","status-publish","format-standard","has-post-thumbnail","hentry","category-spor"],"_links":{"self":[{"href":"https:\/\/www.egemtv.com\/index.php?rest_route=\/wp\/v2\/posts\/57677","targetHints":{"allow":["GET"]}}],"collection":[{"href":"https:\/\/www.egemtv.com\/index.php?rest_route=\/wp\/v2\/posts"}],"about":[{"href":"https:\/\/www.egemtv.com\/index.php?rest_route=\/wp\/v2\/types\/post"}],"author":[{"embeddable":true,"href":"https:\/\/www.egemtv.com\/index.php?rest_route=\/wp\/v2\/users\/1"}],"replies":[{"embeddable":true,"href":"https:\/\/www.egemtv.com\/index.php?rest_route=%2Fwp%2Fv2%2Fcomments&post=57677"}],"version-history":[{"count":1,"href":"https:\/\/www.egemtv.com\/index.php?rest_route=\/wp\/v2\/posts\/57677\/revisions"}],"predecessor-version":[{"id":57679,"href":"https:\/\/www.egemtv.com\/index.php?rest_route=\/wp\/v2\/posts\/57677\/revisions\/57679"}],"wp:featuredmedia":[{"embeddable":true,"href":"https:\/\/www.egemtv.com\/index.php?rest_route=\/wp\/v2\/media\/57678"}],"wp:attachment":[{"href":"https:\/\/www.egemtv.com\/index.php?rest_route=%2Fwp%2Fv2%2Fmedia&parent=57677"}],"wp:term":[{"taxonomy":"category","embeddable":true,"href":"https:\/\/www.egemtv.com\/index.php?rest_route=%2Fwp%2Fv2%2Fcategories&post=57677"},{"taxonomy":"post_tag","embeddable":true,"href":"https:\/\/www.egemtv.com\/index.php?rest_route=%2Fwp%2Fv2%2Ftags&post=57677"}],"curies":[{"name":"wp","href":"https:\/\/api.w.org\/{rel}","templated":true}]}}