{"id":57674,"date":"2025-09-27T11:35:23","date_gmt":"2025-09-27T08:35:23","guid":{"rendered":"https:\/\/www.egemtv.com\/?p=57674"},"modified":"2025-09-27T11:35:24","modified_gmt":"2025-09-27T08:35:24","slug":"taris-alimlari-erken-kapatti-uretici-tuccara-tepki-gosterdi","status":"publish","type":"post","link":"https:\/\/www.egemtv.com\/?p=57674","title":{"rendered":"TAR\u0130\u015e al\u0131mlar\u0131 erken kapatt\u0131, \u00fcretici t\u00fcccara tepki g\u00f6sterdi"},"content":{"rendered":"<p>S.S. 6 Nolu Germencik \u0130ncir Tar\u0131m Sat\u0131\u015f Kooperatifi, t\u00fcccarlar\u0131n TAR\u0130\u015e ortaklar\u0131 \u00fczerinden kooperatife incir sat\u0131\u015f\u0131 yapt\u0131\u011f\u0131n\u0131 belirleyince aniden al\u0131m\u0131 durdurma karar\u0131 ald\u0131. TAR\u0130\u015e ortaklar\u0131ndan baz\u0131lar\u0131n\u0131n t\u00fcccarlar\u0131n incirini al\u0131p TAR\u0130\u015e\u2019e getirmesinin \u00f6\u011frenilmesi \u00fczerine al\u0131nan karara destek veren di\u011fer \u00fcreticiler de bu duruma \u00e7\u00f6z\u00fcm bulunmas\u0131n\u0131 istedi.<\/p>\n<p>\u0130ncirin ana vatan\u0131 Ayd\u0131n\u2019da ovada hasat biterken y\u00fcksek kesimlerde hasat s\u00fcr\u00fcyor. \u0130ncir hasad\u0131n\u0131 yapan \u00fcreticiler, \u00fcr\u00fcnlerini t\u00fcccara ve TAR\u0130\u015e\u2019e satmaya ba\u015flad\u0131. S.S 6 Nolu Germencik \u0130ncir Tar\u0131m Sat\u0131\u015f Kooperatifi, ge\u00e7ti\u011fimiz ay incir al\u0131m fiyat\u0131n\u0131 a\u00e7\u0131klay\u0131p 11 A\u011fustos\u2019ta ilk al\u0131m\u0131 ger\u00e7ekle\u015ftirdi. Germencik \u0130ncir Tari\u015f Sat\u0131\u015f Kooperatifi, 6 Ekim tarihine kadar s\u00fcrecek al\u0131m sezonuna ald\u0131\u011f\u0131 ani bir karar ile d\u00fcn itibari ile sonland\u0131rd\u0131.<\/p>\n<p>Mehmet Sar\u0131 &#8220;Bu y\u0131l iklim \u015fartlar\u0131ndan dolay\u0131 incirlerin y\u00fczde 50 noksan oldu\u011funu biliyoruz. Buna ra\u011fmen TAR\u0130\u015e y\u00f6netimi g\u00fczel bir fiyat verdi. Bunu maalesef iyi de\u011ferlendiremedi\u011fimiz i\u00e7in t\u00fcccarlar milletin elinden daha ucuza mal almak i\u00e7in belli stratejiler uygulad\u0131. Buradaki esas s\u0131k\u0131nt\u0131 t\u00fcccarlar\u0131n onun bunun \u00fczerinden buraya incir getirip \u00fcreticinin \u00f6n\u00fcn\u00fc kesmesi. T\u00fcccar alm\u0131\u015f ucuz fiyata mal\u0131, burada ba\u015fkalar\u0131n\u0131n rekoltelerini doldurarak \u00fcreticiyi ma\u011fdur ediyor. TAR\u0130\u015e y\u00f6netimi karar alm\u0131\u015f ama burada strateji hatas\u0131 var. Sorun ayn\u0131 g\u00fcnde al\u0131mlar\u0131n kapat\u0131lmas\u0131, yoksa \u00fcreticilerin TAR\u0130\u015e ile bir sorunu yok. Hal b\u00f6yle olunca t\u00fcm \u00fcreticiler buraya ak\u0131n etmek zorunda kald\u0131. Bah\u00e7esi 1 ton incir yapan insanlar 6-7 ton incir teslim ettiler. Y\u00f6netim her t\u00fcrl\u00fc deste\u011fi verdi bize. Fiyat\u0131n\u0131 verdi, al\u0131m\u0131n\u0131 yapt\u0131 ama bu saatten sonra yapacak bir \u015fey yok. S\u0131k\u0131nt\u0131 bu i\u015fi t\u00fcccarlar\u0131n ticarete d\u00f6n\u00fc\u015ft\u00fcr\u00fclmesi&#8221; dedi.<\/p>\n<p>Y\u00fccel Yetim, &#8220;TAR\u0130\u015e\u2019e ortakl\u0131\u011f\u0131m var. Yeri geliyor TAR\u0130\u015e\u2019e sat\u0131yorum, yeri geliyor d\u0131\u015far\u0131ya sat\u0131yorum. Burada y\u00f6netimin y\u00fczde 1 su\u00e7u varsa, y\u00fczde 70-80 \u00fcreticide su\u00e7 var. Ben 1 ton incir yapay\u0131m 10 ton rekoltem var deyip bunun 9 tonunu t\u00fcccara satay\u0131m. Millet para pe\u015finde herkes kendi \u00e7\u0131kar\u0131n\u0131n derdinde. Herkesin elini ta\u015f\u0131n alt\u0131na koymas\u0131 laz\u0131m. TAR\u0130\u015e \u0130ncir \u0130\u015fletmesi\u2019nden ba\u015fka incir alan yok. 250-300 liran\u0131n \u00fczerinde incirler var. Ortalamas\u0131 250 civar\u0131. D\u0131\u015far\u0131da en kaliteli incir 150 TL onu da 3-4 ay vadeli istiyorlar. Burada mal\u0131n\u0131 teslim ediyorsun y\u00fczde 50\u2019sini al\u0131yorsun&#8221; diye konu\u015ftu.<\/p>\n<p>Halil G\u00f6k\u00e7en, &#8220;TAR\u0130\u015e\u2019e incirlerimizi getirdik. TAR\u0130\u015e de al\u0131mlar\u0131 kapatma karar\u0131 alm\u0131\u015f. Ortaklar\u0131n de\u011fil de t\u00fcccarlar\u0131n mallar\u0131n\u0131 getirmeye ba\u015flam\u0131\u015flar, o y\u00fczden al\u0131mlar kapanm\u0131\u015f. Asl\u0131nda 6-7 Ekim gibi kapan\u0131yordu ama y\u00f6netim karar\u0131 bu y\u0131l erken alm\u0131\u015f. T\u00fcccarlar y\u00fcz\u00fcnden ger\u00e7ek \u00fcreticiler ma\u011fdur oldu. \u00d6n\u00fcm\u00fczdeki y\u0131llarda bu konuda gerekli \u00f6nlemlerin daha s\u0131k\u0131 \u015fekilde al\u0131nmas\u0131n\u0131 talep ediyoruz&#8221; ifadelerini kulland\u0131.<br \/><\/p>\n","protected":false},"excerpt":{"rendered":"<p>S.S. 6 Nolu Germencik \u0130ncir Tar\u0131m Sat\u0131\u015f Kooperatifi, t\u00fcccarlar\u0131n TAR\u0130\u015e ortaklar\u0131 \u00fczerinden kooperatife incir sat\u0131\u015f\u0131 yapt\u0131\u011f\u0131n\u0131 belirleyince aniden al\u0131m\u0131 durdurma karar\u0131 ald\u0131. TAR\u0130\u015e ortaklar\u0131ndan baz\u0131lar\u0131n\u0131n t\u00fcccarlar\u0131n incirini al\u0131p TAR\u0130\u015e\u2019e getirmesinin \u00f6\u011frenilmesi \u00fczerine al\u0131nan karara destek veren di\u011fer \u00fcreticiler de bu duruma \u00e7\u00f6z\u00fcm bulunmas\u0131n\u0131 istedi. \u0130ncirin ana vatan\u0131 Ayd\u0131n\u2019da ovada hasat biterken y\u00fcksek kesimlerde hasat s\u00fcr\u00fcyor&#8230;.<\/p>\n","protected":false},"author":1,"featured_media":57675,"comment_status":"open","ping_status":"open","sticky":false,"template":"","format":"standard","meta":{"_crdt_document":"","footnotes":""},"categories":[1],"tags":[],"class_list":["post-57674","post","type-post","status-publish","format-standard","has-post-thumbnail","hentry","category-guncel"],"_links":{"self":[{"href":"https:\/\/www.egemtv.com\/index.php?rest_route=\/wp\/v2\/posts\/57674","targetHints":{"allow":["GET"]}}],"collection":[{"href":"https:\/\/www.egemtv.com\/index.php?rest_route=\/wp\/v2\/posts"}],"about":[{"href":"https:\/\/www.egemtv.com\/index.php?rest_route=\/wp\/v2\/types\/post"}],"author":[{"embeddable":true,"href":"https:\/\/www.egemtv.com\/index.php?rest_route=\/wp\/v2\/users\/1"}],"replies":[{"embeddable":true,"href":"https:\/\/www.egemtv.com\/index.php?rest_route=%2Fwp%2Fv2%2Fcomments&post=57674"}],"version-history":[{"count":1,"href":"https:\/\/www.egemtv.com\/index.php?rest_route=\/wp\/v2\/posts\/57674\/revisions"}],"predecessor-version":[{"id":57676,"href":"https:\/\/www.egemtv.com\/index.php?rest_route=\/wp\/v2\/posts\/57674\/revisions\/57676"}],"wp:featuredmedia":[{"embeddable":true,"href":"https:\/\/www.egemtv.com\/index.php?rest_route=\/wp\/v2\/media\/57675"}],"wp:attachment":[{"href":"https:\/\/www.egemtv.com\/index.php?rest_route=%2Fwp%2Fv2%2Fmedia&parent=57674"}],"wp:term":[{"taxonomy":"category","embeddable":true,"href":"https:\/\/www.egemtv.com\/index.php?rest_route=%2Fwp%2Fv2%2Fcategories&post=57674"},{"taxonomy":"post_tag","embeddable":true,"href":"https:\/\/www.egemtv.com\/index.php?rest_route=%2Fwp%2Fv2%2Ftags&post=57674"}],"curies":[{"name":"wp","href":"https:\/\/api.w.org\/{rel}","templated":true}]}}