{"id":57671,"date":"2025-09-27T11:35:22","date_gmt":"2025-09-27T08:35:22","guid":{"rendered":"https:\/\/www.egemtv.com\/?p=57671"},"modified":"2025-09-27T11:35:23","modified_gmt":"2025-09-27T08:35:23","slug":"mentese-anadolu-lisesi-uluslararasi-mun-konferansina-ev-sahipligi-yapti","status":"publish","type":"post","link":"https:\/\/www.egemtv.com\/?p=57671","title":{"rendered":"Mente\u015fe Anadolu Lisesi, Uluslararas\u0131 MUN Konferans\u0131\u2019na ev sahipli\u011fi yapt\u0131"},"content":{"rendered":"<p>Mente\u015fe Anadolu Lisesi\u2019nin ev sahipli\u011finde d\u00fczenlenen Model United Nations (MUN) Konferans\u0131, 11 farkl\u0131 komitede yakla\u015f\u0131k 350 \u00f6\u011frenciyi bir araya getirerek \u00fc\u00e7 g\u00fcn boyunca uluslararas\u0131 diplomasi atmosferi ya\u015fat\u0131yor.<br \/>\n<br \/>Mu\u011fla\u2019n\u0131n Mente\u015fe il\u00e7esinde Mente\u015fe Anadolu Lisesi ev sahipli\u011finde d\u00fczenlenen Model United Nations (MUN) Konferans\u0131, 26-27-28 Eyl\u00fcl 2025 tarihlerinde ger\u00e7ekle\u015ftiriliyor. Harvard \u00dcniversitesi taraf\u0131ndan ba\u015flat\u0131lan ve d\u00fcnya genelinde prestijli bir etkinlik olarak bilinen MUN, bu y\u0131l \u0130stanbul, \u0130zmir, Bal\u0131kesir, Bursa, Antalya illerinden ve Mu\u011fla\u2019n\u0131n farkl\u0131 il\u00e7elerinden gelen \u00f6\u011frencilerin kat\u0131l\u0131m\u0131yla yap\u0131l\u0131yor. Yakla\u015f\u0131k 350 \u00f6\u011frencinin delege ve y\u00f6netici olarak g\u00f6rev ald\u0131\u011f\u0131 konferansta, 7\u2019si \u0130ngilizce, 4\u2019\u00fc T\u00fcrk\u00e7e olmak \u00fczere toplam 11 Birle\u015fmi\u015f Milletler Komitesi olu\u015fturuldu. \u00dc\u00e7 g\u00fcn boyunca devam edecek etkinlikte \u00f6\u011frenciler, k\u00fcresel sorunlara \u00e7\u00f6z\u00fcm \u00f6nerileri geli\u015ftirme, diplomasi ve m\u00fczakere becerilerini geli\u015ftirme f\u0131rsat\u0131 bulacak. Mente\u015fe Anadolu Lisesi M\u00fcd\u00fcr\u00fc Mehmet Akif A\u011f\u0131r, yapt\u0131\u011f\u0131 a\u00e7\u0131klamada, &#8220;Okul olarak uluslararas\u0131 etkinliklerde yer almaya devam ediyoruz. Bu etkinli\u011fimizde bizden deste\u011fini hi\u00e7 eksik etmeyen \u0130l Milli E\u011fitim ve \u0130l\u00e7e Milli E\u011fitim M\u00fcd\u00fcrl\u00fc\u011f\u00fcm\u00fcze te\u015fekk\u00fcr ediyoruz&#8221; ifadelerini kulland\u0131.<br \/><\/p>\n","protected":false},"excerpt":{"rendered":"<p>Mente\u015fe Anadolu Lisesi\u2019nin ev sahipli\u011finde d\u00fczenlenen Model United Nations (MUN) Konferans\u0131, 11 farkl\u0131 komitede yakla\u015f\u0131k 350 \u00f6\u011frenciyi bir araya getirerek \u00fc\u00e7 g\u00fcn boyunca uluslararas\u0131 diplomasi atmosferi ya\u015fat\u0131yor. Mu\u011fla\u2019n\u0131n Mente\u015fe il\u00e7esinde Mente\u015fe Anadolu Lisesi ev sahipli\u011finde d\u00fczenlenen Model United Nations (MUN) Konferans\u0131, 26-27-28 Eyl\u00fcl 2025 tarihlerinde ger\u00e7ekle\u015ftiriliyor. Harvard \u00dcniversitesi taraf\u0131ndan ba\u015flat\u0131lan ve d\u00fcnya genelinde prestijli bir&#8230;<\/p>\n","protected":false},"author":1,"featured_media":57672,"comment_status":"open","ping_status":"open","sticky":false,"template":"","format":"standard","meta":{"_crdt_document":"","footnotes":""},"categories":[1],"tags":[],"class_list":["post-57671","post","type-post","status-publish","format-standard","has-post-thumbnail","hentry","category-guncel"],"_links":{"self":[{"href":"https:\/\/www.egemtv.com\/index.php?rest_route=\/wp\/v2\/posts\/57671","targetHints":{"allow":["GET"]}}],"collection":[{"href":"https:\/\/www.egemtv.com\/index.php?rest_route=\/wp\/v2\/posts"}],"about":[{"href":"https:\/\/www.egemtv.com\/index.php?rest_route=\/wp\/v2\/types\/post"}],"author":[{"embeddable":true,"href":"https:\/\/www.egemtv.com\/index.php?rest_route=\/wp\/v2\/users\/1"}],"replies":[{"embeddable":true,"href":"https:\/\/www.egemtv.com\/index.php?rest_route=%2Fwp%2Fv2%2Fcomments&post=57671"}],"version-history":[{"count":1,"href":"https:\/\/www.egemtv.com\/index.php?rest_route=\/wp\/v2\/posts\/57671\/revisions"}],"predecessor-version":[{"id":57673,"href":"https:\/\/www.egemtv.com\/index.php?rest_route=\/wp\/v2\/posts\/57671\/revisions\/57673"}],"wp:featuredmedia":[{"embeddable":true,"href":"https:\/\/www.egemtv.com\/index.php?rest_route=\/wp\/v2\/media\/57672"}],"wp:attachment":[{"href":"https:\/\/www.egemtv.com\/index.php?rest_route=%2Fwp%2Fv2%2Fmedia&parent=57671"}],"wp:term":[{"taxonomy":"category","embeddable":true,"href":"https:\/\/www.egemtv.com\/index.php?rest_route=%2Fwp%2Fv2%2Fcategories&post=57671"},{"taxonomy":"post_tag","embeddable":true,"href":"https:\/\/www.egemtv.com\/index.php?rest_route=%2Fwp%2Fv2%2Ftags&post=57671"}],"curies":[{"name":"wp","href":"https:\/\/api.w.org\/{rel}","templated":true}]}}