{"id":57668,"date":"2025-09-27T11:14:59","date_gmt":"2025-09-27T08:14:59","guid":{"rendered":"https:\/\/www.egemtv.com\/?p=57668"},"modified":"2025-09-27T11:15:00","modified_gmt":"2025-09-27T08:15:00","slug":"salihli-bakkallar-esnaf-odasi-ahilik-haftasini-kutladi","status":"publish","type":"post","link":"https:\/\/www.egemtv.com\/?p=57668","title":{"rendered":"Salihli Bakkallar Esnaf Odas\u0131, Ahilik Haftas\u0131n\u0131 kutlad\u0131"},"content":{"rendered":"<p>Manisa\u2019n\u0131n Salihli il\u00e7esinde ger\u00e7ekle\u015ftirilen Ahilik Haftas\u0131 kapsam\u0131nda ahi berat\u0131 45 y\u0131ll\u0131k bakkal esnaf\u0131 olan \u0130brahim K\u00f6ksal\u2019a verilerek \u015fed ku\u015fat\u0131ld\u0131.<br \/>\n<br \/>Manisa\u2019n\u0131n Salihli il\u00e7esinde Bakkallar Esnaf Odas\u0131, d\u00fczenledi\u011fi programla Ahilik Haftas\u0131n\u0131 kutlad\u0131. T\u00f6rende y\u0131l\u0131n ahi berat\u0131 45 y\u0131ll\u0131k bakkal esnaf\u0131 olan \u0130brahim K\u00f6ksal\u2019a verildi. K\u00f6ksal\u2019a ayr\u0131ca Kaymakam Ali G\u00fcldo\u011fan ve Belediye Ba\u015fkan\u0131 Mazlum Nurlu taraf\u0131ndan \u015fed ku\u015fat\u0131ld\u0131.<br \/>\n<br \/>Beyaz D\u00fc\u011f\u00fcn Salonu\u2019nda d\u00fczenlenen t\u00f6rende konu\u015fan Salihli Bakkallar Esnaf Odas\u0131 Ba\u015fkan\u0131 \u0130smail \u00dcnl\u00fc, Ahili\u011fin k\u00f6kl\u00fc k\u00fclt\u00fcr ve medeniyet miras\u0131 oldu\u011funu s\u00f6yledi. \u00dcnl\u00fc konu\u015fmas\u0131na \u015f\u00f6yle devam etti &#8220;Ahilik, yaln\u0131zca bir meslek \u00f6rg\u00fctlenmesi de\u011fil, ayn\u0131 zamanda dayan\u0131\u015fmay\u0131, d\u00fcr\u00fcstl\u00fc\u011f\u00fc, karde\u015fli\u011fi, yard\u0131mla\u015fmay\u0131 ve ahlak\u0131 esas alan b\u00fcy\u00fck bir hayat felsefesidir. Bize d\u00fc\u015fen g\u00f6rev ise ahili\u011fin k\u00f6kl\u00fc de\u011ferlerini modern hayat\u0131n \u015fartlar\u0131 i\u00e7inde yeniden ya\u015fatmak, karde\u015flik, d\u00fcr\u00fcstl\u00fck ve \u00fcretim k\u00fclt\u00fcr\u00fcn\u00fc yeni nesillere aktarmakt\u0131r. \u00c7\u00fcnk\u00fc ahilik, sadece ge\u00e7mi\u015fte kalm\u0131\u015f bir gelenek de\u011fil, gelece\u011fimizi \u015fekillendirecek g\u00fc\u00e7l\u00fc bir ahlak ve \u00e7al\u0131\u015fma disiplinidir. Ahilik k\u00fclt\u00fcr\u00fcn\u00fcn ya\u015fat\u0131lmas\u0131nda eme\u011fi ge\u00e7en t\u00fcm esnaf ve sanatkarlar\u0131m\u0131za te\u015fekk\u00fcr ediyorum&#8221; dedi.<br \/>\n<br \/>&#8220;Bakkallar\u0131m\u0131z bizim k\u00fclt\u00fcr hazinemiz&#8221; diyen Salihli Kaymakam\u0131 Ali G\u00fcldo\u011fan &#8220;Bakkallar\u0131m\u0131z mahalle k\u00fclt\u00fcr\u00fcm\u00fcz\u00fcn simgesidir. Bakkallar\u0131m\u0131z, mahallelerimizdeki g\u00fcven ve itimad\u0131n oldu\u011fu adrestir. Bor\u00e7 defterlerinin tutuldu\u011fu yerdir. Bakkal esnaf\u0131m\u0131za her zaman sahip \u00e7\u0131kal\u0131m&#8221; diye konu\u015ftu.<br \/>\n<br \/>Konu\u015fmalar\u0131n ard\u0131ndan 45 y\u0131ll\u0131k bakkal esnaf\u0131 \u0130brahim K\u00f6ksal\u2019a Kaymakam Ali G\u00fcldo\u011fan ve Belediye Ba\u015fkan\u0131 Mazlum Nurlu taraf\u0131ndan \u015fed ku\u015fat\u0131ld\u0131. K\u00f6ksal\u2019a ayr\u0131ca Kaymakam G\u00fcldo\u011fan taraf\u0131ndan ahi berat\u0131 verildi. T\u00f6rende ayr\u0131ca meslekte 25 y\u0131l\u0131n\u0131 dolduran esnaflara hizmet \u015feref belgesi verilirken, program yap\u0131lan dua ve Ahilik pilav\u0131 hayr\u0131 ile son buldu.<br \/>\n<br \/>Programa Kaymakam Ali G\u00fcldo\u011fan, Belediye Ba\u015fkan\u0131 Mazlum Nurlu, \u0130l\u00e7e Emniyet M\u00fcd\u00fcr\u00fc Burhan Demirk\u0131ran, Ziraat Odas\u0131 Ba\u015fkan\u0131 Cem Yalva\u00e7, kooperatif ba\u015fkanlar\u0131, daire m\u00fcd\u00fcrleri, siyasi parti temsilcileri, esnaf odas\u0131 ba\u015fkanlar\u0131 ve \u00e7ok say\u0131da davetli kat\u0131ld\u0131.<br \/><\/p>\n","protected":false},"excerpt":{"rendered":"<p>Manisa\u2019n\u0131n Salihli il\u00e7esinde ger\u00e7ekle\u015ftirilen Ahilik Haftas\u0131 kapsam\u0131nda ahi berat\u0131 45 y\u0131ll\u0131k bakkal esnaf\u0131 olan \u0130brahim K\u00f6ksal\u2019a verilerek \u015fed ku\u015fat\u0131ld\u0131. Manisa\u2019n\u0131n Salihli il\u00e7esinde Bakkallar Esnaf Odas\u0131, d\u00fczenledi\u011fi programla Ahilik Haftas\u0131n\u0131 kutlad\u0131. T\u00f6rende y\u0131l\u0131n ahi berat\u0131 45 y\u0131ll\u0131k bakkal esnaf\u0131 olan \u0130brahim K\u00f6ksal\u2019a verildi. K\u00f6ksal\u2019a ayr\u0131ca Kaymakam Ali G\u00fcldo\u011fan ve Belediye Ba\u015fkan\u0131 Mazlum Nurlu taraf\u0131ndan \u015fed ku\u015fat\u0131ld\u0131&#8230;.<\/p>\n","protected":false},"author":1,"featured_media":57669,"comment_status":"open","ping_status":"open","sticky":false,"template":"","format":"standard","meta":{"_crdt_document":"","footnotes":""},"categories":[1],"tags":[],"class_list":["post-57668","post","type-post","status-publish","format-standard","has-post-thumbnail","hentry","category-guncel"],"_links":{"self":[{"href":"https:\/\/www.egemtv.com\/index.php?rest_route=\/wp\/v2\/posts\/57668","targetHints":{"allow":["GET"]}}],"collection":[{"href":"https:\/\/www.egemtv.com\/index.php?rest_route=\/wp\/v2\/posts"}],"about":[{"href":"https:\/\/www.egemtv.com\/index.php?rest_route=\/wp\/v2\/types\/post"}],"author":[{"embeddable":true,"href":"https:\/\/www.egemtv.com\/index.php?rest_route=\/wp\/v2\/users\/1"}],"replies":[{"embeddable":true,"href":"https:\/\/www.egemtv.com\/index.php?rest_route=%2Fwp%2Fv2%2Fcomments&post=57668"}],"version-history":[{"count":1,"href":"https:\/\/www.egemtv.com\/index.php?rest_route=\/wp\/v2\/posts\/57668\/revisions"}],"predecessor-version":[{"id":57670,"href":"https:\/\/www.egemtv.com\/index.php?rest_route=\/wp\/v2\/posts\/57668\/revisions\/57670"}],"wp:featuredmedia":[{"embeddable":true,"href":"https:\/\/www.egemtv.com\/index.php?rest_route=\/wp\/v2\/media\/57669"}],"wp:attachment":[{"href":"https:\/\/www.egemtv.com\/index.php?rest_route=%2Fwp%2Fv2%2Fmedia&parent=57668"}],"wp:term":[{"taxonomy":"category","embeddable":true,"href":"https:\/\/www.egemtv.com\/index.php?rest_route=%2Fwp%2Fv2%2Fcategories&post=57668"},{"taxonomy":"post_tag","embeddable":true,"href":"https:\/\/www.egemtv.com\/index.php?rest_route=%2Fwp%2Fv2%2Ftags&post=57668"}],"curies":[{"name":"wp","href":"https:\/\/api.w.org\/{rel}","templated":true}]}}