{"id":57665,"date":"2025-09-27T11:14:58","date_gmt":"2025-09-27T08:14:58","guid":{"rendered":"https:\/\/www.egemtv.com\/?p=57665"},"modified":"2025-09-27T11:14:58","modified_gmt":"2025-09-27T08:14:58","slug":"salihlide-gece-bekcileri-ogrencilerin-guvenligi-icin-nobette","status":"publish","type":"post","link":"https:\/\/www.egemtv.com\/?p=57665","title":{"rendered":"Salihli\u2019de gece bek\u00e7ileri, \u00f6\u011frencilerin g\u00fcvenli\u011fi i\u00e7in n\u00f6bette"},"content":{"rendered":"<p>Manisa\u2019n\u0131n Salihli il\u00e7esinde \u00e7ar\u015f\u0131 ve mahalle bek\u00e7ileri, okul \u00e7evrelerinde gece denetimleri ger\u00e7ekle\u015ftirerek \u00f6\u011frencilerin g\u00fcvenli\u011fi i\u00e7in g\u00f6rev ba\u015f\u0131nda.<br \/>\n<br \/>Salihli \u0130l\u00e7e Emniyet M\u00fcd\u00fcrl\u00fc\u011f\u00fc\u2019ne ba\u011fl\u0131 gece ve mahalle bek\u00e7ileri, 50. Y\u0131l Ortaokulu, Fahriye Han\u0131m \u0130lkokulu, Cumhuriyet \u0130lkokulu, Mesleki E\u011fitim Merkezi, \u0130brahim Akkayan \u0130lk ve Ortaokulu, Hatice H\u00fcseyin Bulut Anaokulu, Akayd\u0131n \u0130lkokulu, T\u00fcrk Birli\u011fi Anadolu Lisesi, Halide Edip Ad\u0131var \u0130lkokulu ve R\u00fc\u015ft\u00fc Akb\u0131y\u0131ko\u011flu Ortaokulu \u00e7evresinde 21.00 &#8211; 05.00 saatleri aras\u0131nda denetim yapt\u0131.<br \/>\n<br \/>Kontroller s\u0131ras\u0131nda \u015f\u00fcpheli \u015fah\u0131slar tek tek incelenirken, ilgisiz ki\u015filerin okul \u00e7evresinden uzakla\u015ft\u0131r\u0131ld\u0131\u011f\u0131 belirtildi. Yap\u0131lan denetimlerde herhangi bir olumsuzlu\u011fa rastlanmad\u0131.<br \/><\/p>\n","protected":false},"excerpt":{"rendered":"<p>Manisa\u2019n\u0131n Salihli il\u00e7esinde \u00e7ar\u015f\u0131 ve mahalle bek\u00e7ileri, okul \u00e7evrelerinde gece denetimleri ger\u00e7ekle\u015ftirerek \u00f6\u011frencilerin g\u00fcvenli\u011fi i\u00e7in g\u00f6rev ba\u015f\u0131nda. Salihli \u0130l\u00e7e Emniyet M\u00fcd\u00fcrl\u00fc\u011f\u00fc\u2019ne ba\u011fl\u0131 gece ve mahalle bek\u00e7ileri, 50. Y\u0131l Ortaokulu, Fahriye Han\u0131m \u0130lkokulu, Cumhuriyet \u0130lkokulu, Mesleki E\u011fitim Merkezi, \u0130brahim Akkayan \u0130lk ve Ortaokulu, Hatice H\u00fcseyin Bulut Anaokulu, Akayd\u0131n \u0130lkokulu, T\u00fcrk Birli\u011fi Anadolu Lisesi, Halide Edip Ad\u0131var&#8230;<\/p>\n","protected":false},"author":1,"featured_media":57666,"comment_status":"open","ping_status":"open","sticky":false,"template":"","format":"standard","meta":{"_crdt_document":"","footnotes":""},"categories":[5],"tags":[],"class_list":["post-57665","post","type-post","status-publish","format-standard","has-post-thumbnail","hentry","category-asayis"],"_links":{"self":[{"href":"https:\/\/www.egemtv.com\/index.php?rest_route=\/wp\/v2\/posts\/57665","targetHints":{"allow":["GET"]}}],"collection":[{"href":"https:\/\/www.egemtv.com\/index.php?rest_route=\/wp\/v2\/posts"}],"about":[{"href":"https:\/\/www.egemtv.com\/index.php?rest_route=\/wp\/v2\/types\/post"}],"author":[{"embeddable":true,"href":"https:\/\/www.egemtv.com\/index.php?rest_route=\/wp\/v2\/users\/1"}],"replies":[{"embeddable":true,"href":"https:\/\/www.egemtv.com\/index.php?rest_route=%2Fwp%2Fv2%2Fcomments&post=57665"}],"version-history":[{"count":1,"href":"https:\/\/www.egemtv.com\/index.php?rest_route=\/wp\/v2\/posts\/57665\/revisions"}],"predecessor-version":[{"id":57667,"href":"https:\/\/www.egemtv.com\/index.php?rest_route=\/wp\/v2\/posts\/57665\/revisions\/57667"}],"wp:featuredmedia":[{"embeddable":true,"href":"https:\/\/www.egemtv.com\/index.php?rest_route=\/wp\/v2\/media\/57666"}],"wp:attachment":[{"href":"https:\/\/www.egemtv.com\/index.php?rest_route=%2Fwp%2Fv2%2Fmedia&parent=57665"}],"wp:term":[{"taxonomy":"category","embeddable":true,"href":"https:\/\/www.egemtv.com\/index.php?rest_route=%2Fwp%2Fv2%2Fcategories&post=57665"},{"taxonomy":"post_tag","embeddable":true,"href":"https:\/\/www.egemtv.com\/index.php?rest_route=%2Fwp%2Fv2%2Ftags&post=57665"}],"curies":[{"name":"wp","href":"https:\/\/api.w.org\/{rel}","templated":true}]}}