{"id":57662,"date":"2025-09-27T11:14:56","date_gmt":"2025-09-27T08:14:56","guid":{"rendered":"https:\/\/www.egemtv.com\/?p=57662"},"modified":"2025-09-27T11:14:57","modified_gmt":"2025-09-27T08:14:57","slug":"gelenbenin-57-yillik-altyapisi-yenileniyor","status":"publish","type":"post","link":"https:\/\/www.egemtv.com\/?p=57662","title":{"rendered":"Gelenbe\u2019nin 57 y\u0131ll\u0131k altyap\u0131s\u0131 yenileniyor"},"content":{"rendered":"<p>Manisa Su ve Kanalizasyon \u0130daresi (MASK\u0130) Genel M\u00fcd\u00fcrl\u00fc\u011f\u00fc, K\u0131rka\u011fa\u00e7 il\u00e7esine ba\u011fl\u0131 Gelenbe Mahallesi\u2019nde 57 y\u0131ll\u0131k eski altyap\u0131n\u0131n yenilenmesi i\u00e7in ihaleye \u00e7\u0131kt\u0131. D\u00fcnya Bankas\u0131 kredisi ile yap\u0131lacak proje i\u00e7in 6 firma teklif verirken, \u015feffaf belediyecilik ile ihale canl\u0131 yay\u0131nda verildi.<br \/>\n<br \/>D\u00fcnya Bankas\u0131 kredisi ile K\u0131rka\u011fa\u00e7 il\u00e7esi Gelenbe Mahallesi\u2019nde yap\u0131lacak altyap\u0131 d\u00f6n\u00fc\u015f\u00fcm\u00fc i\u00e7in a\u00e7\u0131lan ihale, Manisa Su ve Kanalizasyon \u0130daresi (MASK\u0130) Genel M\u00fcd\u00fcrl\u00fc\u011f\u00fc binas\u0131nda d\u00fczenlendi. 6 firman\u0131n teklif verdi\u011fi ihale, \u015feffaf olarak canl\u0131 yay\u0131nland\u0131. Gelenbe\u2019nin altyap\u0131s\u0131n\u0131n tamamen yenilenece\u011fi proje kapsam\u0131nda; 18 kilometre i\u00e7me suyu \u015febeke hatt\u0131, bin 900 metre i\u00e7me suyu terfi hatt\u0131 ve 400 tonluk i\u00e7me suyu deposu in\u015fa edilecek. At\u0131k sular\u0131n sa\u011fl\u0131kl\u0131 bir \u015fekilde ar\u0131tma tesisine ta\u015f\u0131nmas\u0131 i\u00e7in de 12 bin 600 metre kanalizasyon hatt\u0131 d\u00f6\u015fenecek.<br \/>\n<br \/>Teklifler, D\u00fcnya Bankas\u0131\u2019na G\u00f6nderilecek<br \/>\n<br \/>\u0130halede al\u0131nan teklifler, yap\u0131lacak \u00f6n de\u011ferlendirmenin ard\u0131ndan onay i\u00e7in D\u00fcnya Bankas\u0131\u2019na g\u00f6nderilecek. D\u00fcnya Bankas\u0131\u2019n\u0131n karar\u0131 ile ihale sonu\u00e7lar\u0131n\u0131n kesinle\u015fmesinin ard\u0131ndan en k\u0131sa s\u00fcrede ilk kazma vurulacak.<br \/>\n<br \/>Yap\u0131lan ihale ile Gelenbe Mahallesi\u2019nde 57 y\u0131ll\u0131k altyap\u0131n\u0131n tamamen yenilenece\u011fini s\u00f6yleyen Manisa B\u00fcy\u00fck\u015fehir Belediye Ba\u015fkan\u0131 Besim Dutlulu, &#8220;Gelenbe Mahallemizde 57 y\u0131ld\u0131r hizmet veren ve ihtiya\u00e7lara cevap veremez hale gelen altyap\u0131y\u0131 yenilemek i\u00e7in \u00f6nemli bir ad\u0131m at\u0131yoruz. D\u00fcnya Bankas\u0131 kredisi deste\u011fiyle hayata ge\u00e7irece\u011fimiz bu proje kapsam\u0131nda, 32,5 kilometrelik i\u00e7me suyu ve kanalizasyon hatt\u0131 d\u00f6\u015feyece\u011fiz. Vatanda\u015flar\u0131m\u0131za daha sa\u011fl\u0131kl\u0131, g\u00fcvenli ve modern bir altyap\u0131 sunaca\u011f\u0131z.  Yakla\u015f\u0131k 18 kilometrelik i\u00e7me suyu \u015febekesi, 1.900 metrelik terfi hatt\u0131, 400 tonluk i\u00e7me suyu deposu ve 12 bin 600 metrelik kanalizasyon hatt\u0131yla, Gelenbe\u2019nin gelece\u011fine yat\u0131r\u0131m yap\u0131yoruz. Projeyle birlikte vatanda\u015flar\u0131m\u0131z temiz ve kesintisiz i\u00e7me suyuna kavu\u015furken, at\u0131k sular da \u00e7evreye zarar vermeden ar\u0131tma tesisine ta\u015f\u0131nacak. Bizim \u00f6nceli\u011fimiz hem\u015fehrilerimizin ya\u015fam kalitesini y\u00fckseltmektir. Manisa\u2019ya, Manisal\u0131lara verdi\u011fimiz s\u00f6z\u00fc yerine getirmek i\u00e7in gece-g\u00fcnd\u00fcz demeden \u00e7al\u0131\u015fmaya devam edece\u011fiz. Gelenbe\u2019mize, K\u0131rka\u011fa\u00e7\u2019\u0131m\u0131za ve t\u00fcm Manisa\u2019m\u0131za hay\u0131rl\u0131 olsun&#8221; dedi.<br \/><\/p>\n","protected":false},"excerpt":{"rendered":"<p>Manisa Su ve Kanalizasyon \u0130daresi (MASK\u0130) Genel M\u00fcd\u00fcrl\u00fc\u011f\u00fc, K\u0131rka\u011fa\u00e7 il\u00e7esine ba\u011fl\u0131 Gelenbe Mahallesi\u2019nde 57 y\u0131ll\u0131k eski altyap\u0131n\u0131n yenilenmesi i\u00e7in ihaleye \u00e7\u0131kt\u0131. D\u00fcnya Bankas\u0131 kredisi ile yap\u0131lacak proje i\u00e7in 6 firma teklif verirken, \u015feffaf belediyecilik ile ihale canl\u0131 yay\u0131nda verildi. D\u00fcnya Bankas\u0131 kredisi ile K\u0131rka\u011fa\u00e7 il\u00e7esi Gelenbe Mahallesi\u2019nde yap\u0131lacak altyap\u0131 d\u00f6n\u00fc\u015f\u00fcm\u00fc i\u00e7in a\u00e7\u0131lan ihale, Manisa Su&#8230;<\/p>\n","protected":false},"author":1,"featured_media":57663,"comment_status":"open","ping_status":"open","sticky":false,"template":"","format":"standard","meta":{"_crdt_document":"","footnotes":""},"categories":[125],"tags":[],"class_list":["post-57662","post","type-post","status-publish","format-standard","has-post-thumbnail","hentry","category-ekonomi"],"_links":{"self":[{"href":"https:\/\/www.egemtv.com\/index.php?rest_route=\/wp\/v2\/posts\/57662","targetHints":{"allow":["GET"]}}],"collection":[{"href":"https:\/\/www.egemtv.com\/index.php?rest_route=\/wp\/v2\/posts"}],"about":[{"href":"https:\/\/www.egemtv.com\/index.php?rest_route=\/wp\/v2\/types\/post"}],"author":[{"embeddable":true,"href":"https:\/\/www.egemtv.com\/index.php?rest_route=\/wp\/v2\/users\/1"}],"replies":[{"embeddable":true,"href":"https:\/\/www.egemtv.com\/index.php?rest_route=%2Fwp%2Fv2%2Fcomments&post=57662"}],"version-history":[{"count":1,"href":"https:\/\/www.egemtv.com\/index.php?rest_route=\/wp\/v2\/posts\/57662\/revisions"}],"predecessor-version":[{"id":57664,"href":"https:\/\/www.egemtv.com\/index.php?rest_route=\/wp\/v2\/posts\/57662\/revisions\/57664"}],"wp:featuredmedia":[{"embeddable":true,"href":"https:\/\/www.egemtv.com\/index.php?rest_route=\/wp\/v2\/media\/57663"}],"wp:attachment":[{"href":"https:\/\/www.egemtv.com\/index.php?rest_route=%2Fwp%2Fv2%2Fmedia&parent=57662"}],"wp:term":[{"taxonomy":"category","embeddable":true,"href":"https:\/\/www.egemtv.com\/index.php?rest_route=%2Fwp%2Fv2%2Fcategories&post=57662"},{"taxonomy":"post_tag","embeddable":true,"href":"https:\/\/www.egemtv.com\/index.php?rest_route=%2Fwp%2Fv2%2Ftags&post=57662"}],"curies":[{"name":"wp","href":"https:\/\/api.w.org\/{rel}","templated":true}]}}