{"id":57659,"date":"2025-09-27T11:14:56","date_gmt":"2025-09-27T08:14:56","guid":{"rendered":"https:\/\/www.egemtv.com\/?p=57659"},"modified":"2025-09-27T11:14:56","modified_gmt":"2025-09-27T08:14:56","slug":"cemil-kurt-mazbatasini-aldi","status":"publish","type":"post","link":"https:\/\/www.egemtv.com\/?p=57659","title":{"rendered":"Cemil Kurt mazbatas\u0131n\u0131 ald\u0131"},"content":{"rendered":"<p>Ge\u00e7ti\u011fimiz hafta sonu ger\u00e7ekle\u015fen Selendi \u0130l\u00e7e Kongresinde Cumhuriyet Halk Partisi (CHP) Selendi \u0130l\u00e7e Ba\u015fkanl\u0131\u011f\u0131\u2019na se\u00e7ilen Cemil Kurt Selendi \u0130l\u00e7e Se\u00e7im Kurulundan mazbatas\u0131n\u0131 ald\u0131.<br \/>\n<br \/>Ge\u00e7ti\u011fimiz hafta sonu parti lokalinde ger\u00e7ekle\u015fen kongrede sabah aday olup delegelerin b\u00fcy\u00fcn \u00e7o\u011funlu\u011funun oyunu alarak se\u00e7imi kazanan Cemil Kurt ve y\u00f6netim kurulu \u00fcyeleri mazbatalar\u0131n\u0131 alarak g\u00f6revine ba\u015flad\u0131.<br \/>\n<br \/>Cemil Kurt mazbatas\u0131n\u0131 Selendi \u0130l\u00e7e Se\u00e7im Kurulu Ba\u015fkan\u0131 Hakim Merve Y\u00f6ntem ad\u0131na \u0130l\u00e7e Se\u00e7im Kurulu M\u00fcd\u00fcr\u00fc \u00d6mer Faruk Deniz\u2019in elinden ald\u0131. Daha sonra CHP il\u00e7e binas\u0131na gelen Ba\u015fkan Kurt ve y\u00f6netim kurulu \u00fcyeleri k\u0131sa bir toplant\u0131 ger\u00e7ekle\u015ftirdi. Parti binas\u0131nda g\u00f6revi abisi Selim Kurt\u2019tan devralan Cemil Kurt, burada yapt\u0131\u011f\u0131 a\u00e7\u0131klamada, &#8220;Cumhuriyet Halk Partisi, Gazi Mustafa Kemal Atat\u00fcrk\u2019\u00fcn bizlere miras b\u0131rakt\u0131\u011f\u0131 cumhuriyetin, demokrasinin ve halk\u0131n iradesinin en g\u00fc\u00e7l\u00fc savunucusudur. Bizler bu b\u00fcy\u00fck davan\u0131n birer neferi olarak, ki\u015fisel kayg\u0131lar\u0131m\u0131z\u0131 bir kenara b\u0131rak\u0131p, ortak idealimiz olan daha \u00f6zg\u00fcr, daha adil ve daha ayd\u0131nl\u0131k bir T\u00fcrkiye i\u00e7in \u00e7al\u0131\u015fmaya devam edece\u011fiz. \u0130nan\u0131yorumki ortak ak\u0131lla, dayan\u0131\u015fma ve kararl\u0131l\u0131kla il\u00e7emizde partimizi g\u00fc\u00e7lendirip, yar\u0131nlara umutla bakaca\u011f\u0131z. Bu g\u00f6revi \u015fahs\u0131m ad\u0131na de\u011fil, hepimiz ad\u0131na, t\u00fcm \u00f6rg\u00fct\u00fcm\u00fcz ad\u0131na \u00fcstlendi\u011fimi bilmenizi isterim. Sen, ben olmayacak. Zaman birlik zaman\u0131. \u015eimdi \u00e7al\u0131\u015fma zaman\u0131&#8221; dedi.<br \/>\n<br \/>Cemil Kurt ba\u015fkanl\u0131\u011f\u0131nda olu\u015fan Selendi il\u00e7e y\u00f6netimi \u015fu isimlerden olu\u015ftu: &#8220;Co\u015fkun G\u00fcrb\u00fcz, U\u011fur Sa\u011f, Zafer Dervi\u015f Ero\u011flu, Ozan \u00d6z\u00e7ay\u0131r, Nadir Yi\u011fit, Mehmet Ustac\u0131,  \u015eule Uzunkavak, Dilek \u00d6zdemir, Zeki \u00d6zkan  ve Cemil Kaya. \u0130l delegeleri ise Ozan \u00d6z\u00e7ay\u0131r, Nurullah Metin, Mehmet G\u00fcrb\u00fcz  Zeki \u00d6zkan, Zafer Dervi\u015f Ero\u011flu, Ramazan Harmandal\u0131.&#8221;<br \/><\/p>\n","protected":false},"excerpt":{"rendered":"<p>Ge\u00e7ti\u011fimiz hafta sonu ger\u00e7ekle\u015fen Selendi \u0130l\u00e7e Kongresinde Cumhuriyet Halk Partisi (CHP) Selendi \u0130l\u00e7e Ba\u015fkanl\u0131\u011f\u0131\u2019na se\u00e7ilen Cemil Kurt Selendi \u0130l\u00e7e Se\u00e7im Kurulundan mazbatas\u0131n\u0131 ald\u0131. Ge\u00e7ti\u011fimiz hafta sonu parti lokalinde ger\u00e7ekle\u015fen kongrede sabah aday olup delegelerin b\u00fcy\u00fcn \u00e7o\u011funlu\u011funun oyunu alarak se\u00e7imi kazanan Cemil Kurt ve y\u00f6netim kurulu \u00fcyeleri mazbatalar\u0131n\u0131 alarak g\u00f6revine ba\u015flad\u0131. Cemil Kurt mazbatas\u0131n\u0131 Selendi \u0130l\u00e7e&#8230;<\/p>\n","protected":false},"author":1,"featured_media":57660,"comment_status":"open","ping_status":"open","sticky":false,"template":"","format":"standard","meta":{"_crdt_document":"","footnotes":""},"categories":[127],"tags":[],"class_list":["post-57659","post","type-post","status-publish","format-standard","has-post-thumbnail","hentry","category-siyaset"],"_links":{"self":[{"href":"https:\/\/www.egemtv.com\/index.php?rest_route=\/wp\/v2\/posts\/57659","targetHints":{"allow":["GET"]}}],"collection":[{"href":"https:\/\/www.egemtv.com\/index.php?rest_route=\/wp\/v2\/posts"}],"about":[{"href":"https:\/\/www.egemtv.com\/index.php?rest_route=\/wp\/v2\/types\/post"}],"author":[{"embeddable":true,"href":"https:\/\/www.egemtv.com\/index.php?rest_route=\/wp\/v2\/users\/1"}],"replies":[{"embeddable":true,"href":"https:\/\/www.egemtv.com\/index.php?rest_route=%2Fwp%2Fv2%2Fcomments&post=57659"}],"version-history":[{"count":1,"href":"https:\/\/www.egemtv.com\/index.php?rest_route=\/wp\/v2\/posts\/57659\/revisions"}],"predecessor-version":[{"id":57661,"href":"https:\/\/www.egemtv.com\/index.php?rest_route=\/wp\/v2\/posts\/57659\/revisions\/57661"}],"wp:featuredmedia":[{"embeddable":true,"href":"https:\/\/www.egemtv.com\/index.php?rest_route=\/wp\/v2\/media\/57660"}],"wp:attachment":[{"href":"https:\/\/www.egemtv.com\/index.php?rest_route=%2Fwp%2Fv2%2Fmedia&parent=57659"}],"wp:term":[{"taxonomy":"category","embeddable":true,"href":"https:\/\/www.egemtv.com\/index.php?rest_route=%2Fwp%2Fv2%2Fcategories&post=57659"},{"taxonomy":"post_tag","embeddable":true,"href":"https:\/\/www.egemtv.com\/index.php?rest_route=%2Fwp%2Fv2%2Ftags&post=57659"}],"curies":[{"name":"wp","href":"https:\/\/api.w.org\/{rel}","templated":true}]}}