{"id":57656,"date":"2025-09-27T11:14:55","date_gmt":"2025-09-27T08:14:55","guid":{"rendered":"https:\/\/www.egemtv.com\/?p=57656"},"modified":"2025-09-27T11:14:55","modified_gmt":"2025-09-27T08:14:55","slug":"koprubasinda-zeytin-sikim-sezonu-basladi","status":"publish","type":"post","link":"https:\/\/www.egemtv.com\/?p=57656","title":{"rendered":"K\u00f6pr\u00fcba\u015f\u0131\u2019nda zeytin s\u0131k\u0131m sezonu ba\u015flad\u0131"},"content":{"rendered":"<p>T\u00fcrkiye\u2019nin \u00f6nde gelen zeytin \u00fcretim b\u00f6lgelerinden Manisa\u2019n\u0131n K\u00f6pr\u00fcba\u015f\u0131 il\u00e7esinde erken d\u00f6nem zeytin hasad\u0131 ba\u015flad\u0131. \u00dcreticiler, arbequina, Ayval\u0131k ve memecik t\u00fcr\u00fc zeytinlerini fabrikalara getirerek ya\u011f s\u0131k\u0131m\u0131na ba\u015flad\u0131.<br \/>\n<br \/>K\u00f6pr\u00fcba\u015f\u0131\u2019nda Zeytinya\u011f\u0131 Fabrikas\u0131 sahibi olan Ecz. Ayd\u0131n Mergen, zeytinleri so\u011fuk s\u0131k\u0131m y\u00f6ntemiyle i\u015flediklerini belirterek, &#8220;Fabrikam\u0131z\u0131n t\u00fcm haz\u0131rl\u0131klar\u0131n\u0131 tamamlad\u0131k. K\u00f6pr\u00fcba\u015f\u0131 \u0130l\u00e7e Hastanesi kar\u015f\u0131s\u0131nda hizmete a\u00e7t\u0131\u011f\u0131m\u0131z tesisimizde, son sistem makinelerle b\u00f6lge halk\u0131m\u0131za hizmet veriyoruz. Zeytinya\u011f\u0131 \u00e7\u0131karmak isteyen t\u00fcm \u00fcreticilerimizi fabrikam\u0131za bekliyoruz&#8221; dedi.<br \/>\n<br \/>Mergen, b\u00f6lgede hasat sonras\u0131 zeytinlerin bekletilmeden i\u015flenmesi gerekti\u011fini vurgulad\u0131 ve kendi markalar\u0131 Eczmer ile d\u00fcnya \u00e7ap\u0131nda tan\u0131nan Hermus markalar\u0131n\u0131n ya\u011flar\u0131n\u0131n da fabrikalar\u0131nda \u00fcretildi\u011fini ifade etti. &#8220;K\u00f6pr\u00fcba\u015f\u0131, zeytin ve zeytinya\u011f\u0131nda tar\u0131msal \u00fcretimde b\u00fcy\u00fck \u00f6neme sahip bir b\u00f6lge ve d\u00fcnya \u00e7ap\u0131nda biliniyor. Ege \u00dcniversitesi de b\u00f6lgemizi zeytin yeti\u015ftiricili\u011fi i\u00e7in en uygun co\u011frafyalardan biri olarak g\u00f6steriyor&#8221; diye ekledi.<br \/>\n<br \/>Kaliteli ve g\u00fcvenilir hizmet sunduklar\u0131n\u0131 belirten Mergen, &#8220;M\u00fc\u015fteri memnuniyetini art\u0131rmaya y\u00f6nelik \u00e7al\u0131\u015fmalar\u0131m\u0131z s\u00fcrekli devam ediyor. Teknolojiyi etkin \u015fekilde kullanarak m\u00fc\u015fterilerimizin her konuda yan\u0131nda olmaya \u00e7al\u0131\u015f\u0131yoruz. \u00c7\u00fcnk\u00fc i\u015fimizi \u00f6nemsiyoruz.&#8221; dedi.<br \/>\n<br \/>Sezonun bereketli olmas\u0131n\u0131 dileyen zeytin \u00fcreticisi Harun Selim Kocaba\u015f ise, &#8220;T\u00fcm \u00e7ift\u00e7ilerimiz i\u00e7in hay\u0131rl\u0131 bir sezon olmas\u0131n\u0131 temenni ediyorum.&#8221; dedi.<br \/>\n<br \/>Manisa\u2019da Akhisar\u2019dan sonra K\u00f6pr\u00fcba\u015f\u0131 il\u00e7esi, 41 bin ton zeytin \u00fcretimiyle ilin ikinci, T\u00fcrkiye genelinde ise yedinci s\u0131rada yer al\u0131yor.<br \/><\/p>\n","protected":false},"excerpt":{"rendered":"<p>T\u00fcrkiye\u2019nin \u00f6nde gelen zeytin \u00fcretim b\u00f6lgelerinden Manisa\u2019n\u0131n K\u00f6pr\u00fcba\u015f\u0131 il\u00e7esinde erken d\u00f6nem zeytin hasad\u0131 ba\u015flad\u0131. \u00dcreticiler, arbequina, Ayval\u0131k ve memecik t\u00fcr\u00fc zeytinlerini fabrikalara getirerek ya\u011f s\u0131k\u0131m\u0131na ba\u015flad\u0131. K\u00f6pr\u00fcba\u015f\u0131\u2019nda Zeytinya\u011f\u0131 Fabrikas\u0131 sahibi olan Ecz. Ayd\u0131n Mergen, zeytinleri so\u011fuk s\u0131k\u0131m y\u00f6ntemiyle i\u015flediklerini belirterek, &#8220;Fabrikam\u0131z\u0131n t\u00fcm haz\u0131rl\u0131klar\u0131n\u0131 tamamlad\u0131k. K\u00f6pr\u00fcba\u015f\u0131 \u0130l\u00e7e Hastanesi kar\u015f\u0131s\u0131nda hizmete a\u00e7t\u0131\u011f\u0131m\u0131z tesisimizde, son sistem makinelerle b\u00f6lge&#8230;<\/p>\n","protected":false},"author":1,"featured_media":57657,"comment_status":"open","ping_status":"open","sticky":false,"template":"","format":"standard","meta":{"_crdt_document":"","footnotes":""},"categories":[125],"tags":[],"class_list":["post-57656","post","type-post","status-publish","format-standard","has-post-thumbnail","hentry","category-ekonomi"],"_links":{"self":[{"href":"https:\/\/www.egemtv.com\/index.php?rest_route=\/wp\/v2\/posts\/57656","targetHints":{"allow":["GET"]}}],"collection":[{"href":"https:\/\/www.egemtv.com\/index.php?rest_route=\/wp\/v2\/posts"}],"about":[{"href":"https:\/\/www.egemtv.com\/index.php?rest_route=\/wp\/v2\/types\/post"}],"author":[{"embeddable":true,"href":"https:\/\/www.egemtv.com\/index.php?rest_route=\/wp\/v2\/users\/1"}],"replies":[{"embeddable":true,"href":"https:\/\/www.egemtv.com\/index.php?rest_route=%2Fwp%2Fv2%2Fcomments&post=57656"}],"version-history":[{"count":1,"href":"https:\/\/www.egemtv.com\/index.php?rest_route=\/wp\/v2\/posts\/57656\/revisions"}],"predecessor-version":[{"id":57658,"href":"https:\/\/www.egemtv.com\/index.php?rest_route=\/wp\/v2\/posts\/57656\/revisions\/57658"}],"wp:featuredmedia":[{"embeddable":true,"href":"https:\/\/www.egemtv.com\/index.php?rest_route=\/wp\/v2\/media\/57657"}],"wp:attachment":[{"href":"https:\/\/www.egemtv.com\/index.php?rest_route=%2Fwp%2Fv2%2Fmedia&parent=57656"}],"wp:term":[{"taxonomy":"category","embeddable":true,"href":"https:\/\/www.egemtv.com\/index.php?rest_route=%2Fwp%2Fv2%2Fcategories&post=57656"},{"taxonomy":"post_tag","embeddable":true,"href":"https:\/\/www.egemtv.com\/index.php?rest_route=%2Fwp%2Fv2%2Ftags&post=57656"}],"curies":[{"name":"wp","href":"https:\/\/api.w.org\/{rel}","templated":true}]}}