{"id":57653,"date":"2025-09-27T11:14:53","date_gmt":"2025-09-27T08:14:53","guid":{"rendered":"https:\/\/www.egemtv.com\/?p=57653"},"modified":"2025-09-27T11:14:54","modified_gmt":"2025-09-27T08:14:54","slug":"iki-farkli-noktada-cikan-arazi-yanginlari-buyumeden-sonduruldu","status":"publish","type":"post","link":"https:\/\/www.egemtv.com\/?p=57653","title":{"rendered":"\u0130ki farkl\u0131 noktada \u00e7\u0131kan arazi yang\u0131nlar\u0131 b\u00fcy\u00fcmeden s\u00f6nd\u00fcr\u00fcld\u00fc"},"content":{"rendered":"<p>Afyonkarahisar\u2019\u0131n \u015euhut il\u00e7esinde iki farkl\u0131 noktada \u00e7\u0131kan arazi yang\u0131nlar\u0131, \u015euhut \u0130tfaiye M\u00fcd\u00fcrl\u00fc\u011f\u00fc ekiplerinin h\u0131zl\u0131 ve etkili m\u00fcdahalesi sayesinde b\u00fcy\u00fcmeden s\u00f6nd\u00fcr\u00fcld\u00fc.<br \/>\n<br \/>\u0130l\u00e7eye ba\u011fl\u0131 Mahmut k\u00f6y\u00fc \u00e7ay\u0131r\u0131nda hen\u00fcz belirlenemeyen bir nedenle ba\u015flayan yang\u0131n, r\u00fczg\u00e2r\u0131n da etkisiyle k\u0131sa s\u00fcrede b\u00fcy\u00fcme riski ta\u015f\u0131d\u0131. \u00c7evredeki vatanda\u015flar\u0131n yo\u011fun duman\u0131 fark ederek 112 Acil \u00c7a\u011fr\u0131 Merkezi\u2019ne bilgi vermesi \u00fczerine \u015euhut Belediyesi \u0130tfaiye M\u00fcd\u00fcrl\u00fc\u011f\u00fc\u2019ne ba\u011fl\u0131 ekipler h\u0131zla b\u00f6lgeye sevk edildi.<br \/>\n<br \/>Tar\u0131m arazileri ve yerle\u015fim yerlerini tehdit eden yang\u0131n, itfaiye ekiplerinin zaman\u0131nda ve profesyonel m\u00fcdahalesiyle k\u0131sa s\u00fcrede kontrol alt\u0131na al\u0131nd\u0131. Alevlerin tamamen s\u00f6nd\u00fcr\u00fclmesinin ard\u0131ndan b\u00f6lgede detayl\u0131 so\u011futma \u00e7al\u0131\u015fmalar\u0131 yap\u0131larak yeniden tutu\u015fma riski \u00f6nlendi.<br \/>\n<br \/>Ayr\u0131ca Karahall\u0131 k\u00f6y\u00fcnde de \u00e7\u0131kan an\u0131z yang\u0131n\u0131na da m\u00fcdahale eden itfaiye ekipleri, alevlerin di\u011fer tar\u0131m alanlar\u0131na ve k\u00f6y yerle\u015fimine ula\u015fmas\u0131na engel oldu.<br \/><\/p>\n","protected":false},"excerpt":{"rendered":"<p>Afyonkarahisar\u2019\u0131n \u015euhut il\u00e7esinde iki farkl\u0131 noktada \u00e7\u0131kan arazi yang\u0131nlar\u0131, \u015euhut \u0130tfaiye M\u00fcd\u00fcrl\u00fc\u011f\u00fc ekiplerinin h\u0131zl\u0131 ve etkili m\u00fcdahalesi sayesinde b\u00fcy\u00fcmeden s\u00f6nd\u00fcr\u00fcld\u00fc. \u0130l\u00e7eye ba\u011fl\u0131 Mahmut k\u00f6y\u00fc \u00e7ay\u0131r\u0131nda hen\u00fcz belirlenemeyen bir nedenle ba\u015flayan yang\u0131n, r\u00fczg\u00e2r\u0131n da etkisiyle k\u0131sa s\u00fcrede b\u00fcy\u00fcme riski ta\u015f\u0131d\u0131. \u00c7evredeki vatanda\u015flar\u0131n yo\u011fun duman\u0131 fark ederek 112 Acil \u00c7a\u011fr\u0131 Merkezi\u2019ne bilgi vermesi \u00fczerine \u015euhut Belediyesi \u0130tfaiye&#8230;<\/p>\n","protected":false},"author":1,"featured_media":57654,"comment_status":"open","ping_status":"open","sticky":false,"template":"","format":"standard","meta":{"_crdt_document":"","footnotes":""},"categories":[5],"tags":[],"class_list":["post-57653","post","type-post","status-publish","format-standard","has-post-thumbnail","hentry","category-asayis"],"_links":{"self":[{"href":"https:\/\/www.egemtv.com\/index.php?rest_route=\/wp\/v2\/posts\/57653","targetHints":{"allow":["GET"]}}],"collection":[{"href":"https:\/\/www.egemtv.com\/index.php?rest_route=\/wp\/v2\/posts"}],"about":[{"href":"https:\/\/www.egemtv.com\/index.php?rest_route=\/wp\/v2\/types\/post"}],"author":[{"embeddable":true,"href":"https:\/\/www.egemtv.com\/index.php?rest_route=\/wp\/v2\/users\/1"}],"replies":[{"embeddable":true,"href":"https:\/\/www.egemtv.com\/index.php?rest_route=%2Fwp%2Fv2%2Fcomments&post=57653"}],"version-history":[{"count":1,"href":"https:\/\/www.egemtv.com\/index.php?rest_route=\/wp\/v2\/posts\/57653\/revisions"}],"predecessor-version":[{"id":57655,"href":"https:\/\/www.egemtv.com\/index.php?rest_route=\/wp\/v2\/posts\/57653\/revisions\/57655"}],"wp:featuredmedia":[{"embeddable":true,"href":"https:\/\/www.egemtv.com\/index.php?rest_route=\/wp\/v2\/media\/57654"}],"wp:attachment":[{"href":"https:\/\/www.egemtv.com\/index.php?rest_route=%2Fwp%2Fv2%2Fmedia&parent=57653"}],"wp:term":[{"taxonomy":"category","embeddable":true,"href":"https:\/\/www.egemtv.com\/index.php?rest_route=%2Fwp%2Fv2%2Fcategories&post=57653"},{"taxonomy":"post_tag","embeddable":true,"href":"https:\/\/www.egemtv.com\/index.php?rest_route=%2Fwp%2Fv2%2Ftags&post=57653"}],"curies":[{"name":"wp","href":"https:\/\/api.w.org\/{rel}","templated":true}]}}