{"id":57650,"date":"2025-09-27T10:55:47","date_gmt":"2025-09-27T07:55:47","guid":{"rendered":"https:\/\/www.egemtv.com\/?p=57650"},"modified":"2025-09-27T10:55:48","modified_gmt":"2025-09-27T07:55:48","slug":"alzheimer-tedavisinde-ilac-umudu","status":"publish","type":"post","link":"https:\/\/www.egemtv.com\/?p=57650","title":{"rendered":"Alzheimer tedavisinde ila\u00e7 umudu"},"content":{"rendered":"<p>\u0130zmir Ekonomi \u00dcniversitesi Medical Point Hastanesi N\u00f6roloji B\u00f6l\u00fcm\u00fc\u2019nden Dr. \u00d6\u011fr. \u00dcyesi G\u00fclhan \u015eahbaz, 1-30 Eyl\u00fcl D\u00fcnya Alzheimer Ay\u0131 dolay\u0131s\u0131yla yapt\u0131\u011f\u0131 a\u00e7\u0131klama Alzheimer hastal\u0131\u011f\u0131na y\u00f6nelik g\u00fcncel geli\u015fmeler ve koruyucu yakla\u015f\u0131mlar hakk\u0131nda \u00f6nemli a\u00e7\u0131klamalarda bulundu.<br \/>\n<br \/>Alzheimer\u2019\u0131n d\u00fcnyada ve \u00fclkemizde h\u0131zla art\u0131\u015f g\u00f6steren en \u00f6nemli sa\u011fl\u0131k sorunlar\u0131ndan biri oldu\u011funa dikkat \u00e7eken Dr. \u015eahbaz, hastal\u0131\u011f\u0131n yaln\u0131zca unutkanl\u0131kla s\u0131n\u0131rl\u0131 kalmad\u0131\u011f\u0131n\u0131, ayn\u0131 zamanda d\u00fc\u015f\u00fcnme, alg\u0131lama, davran\u0131\u015f ve g\u00fcnl\u00fck ya\u015fam aktivitelerini de derinden etkileyen ilerleyici bir beyin hastal\u0131\u011f\u0131 oldu\u011funu vurgulad\u0131. G\u00fcn\u00fcm\u00fczde Alzheimer i\u00e7in kesin bir tedavinin hen\u00fcz bulunmad\u0131\u011f\u0131n\u0131 belirten Dr. \u015eahbaz, mevcut ila\u00e7lar\u0131n semptomlar\u0131n kontrol\u00fcnde etkili oldu\u011funu, ancak hastal\u0131\u011f\u0131n seyrini tamamen durduramad\u0131\u011f\u0131n\u0131 ifade etti. Son y\u0131llarda beyinde biriken zararl\u0131 proteinleri hedef alan yeni nesil ila\u00e7lar\u0131n \u00f6n plana \u00e7\u0131kmaya ba\u015flad\u0131\u011f\u0131n\u0131 dile getiren Dr. \u015eahbaz, bu ila\u00e7lardan baz\u0131lar\u0131n\u0131n farkl\u0131 \u00fclkelerde onay ald\u0131\u011f\u0131n\u0131 ve hastal\u0131\u011f\u0131 yava\u015flatma potansiyeli g\u00f6sterdi\u011fini s\u00f6yledi. &#8220;Donanemab, Lecanemab ve ALZ-801 gibi faz 3 a\u015famas\u0131nda olan yeni ajanlar umut verici sonu\u00e7lar ortaya koyuyor. Bunun yan\u0131 s\u0131ra d\u00fcnyada k\u00f6k h\u00fccre tedavileri, a\u015f\u0131 \u00e7al\u0131\u015fmalar\u0131 ve genetik yakla\u015f\u0131mlar da yo\u011fun bir \u015fekilde s\u00fcrd\u00fcr\u00fcl\u00fcyor&#8221; dedi.<br \/>\n<br \/>\u0130la\u00e7 ara\u015ft\u0131rmalar\u0131n\u0131n umut verici olmas\u0131na ra\u011fmen, Alzheimer ile m\u00fccadelede ila\u00e7 d\u0131\u015f\u0131 y\u00f6ntemlerin de \u00e7ok b\u00fcy\u00fck bir rol oynad\u0131\u011f\u0131na dikkat \u00e7eken Dr. \u015eahbaz, ya\u015fam tarz\u0131 de\u011fi\u015fikliklerinin hastal\u0131\u011f\u0131n seyrini olumlu y\u00f6nde etkileyebilece\u011fini vurgulad\u0131. D\u00fczenli egzersiz yap\u0131lmas\u0131n\u0131n, Akdeniz tipi beslenmenin, kaliteli uykunun, zihinsel aktivitelerin ve sosyal etkile\u015fimlerin hastal\u0131kla m\u00fccadelede koruyucu bir kalkan g\u00f6revi g\u00f6rd\u00fc\u011f\u00fcn\u00fc belirtti.<\/p>\n<p>&#8220;Sosyal y\u00f6nden aktif olmal\u0131&#8221;<br \/>\n<br \/>Zihinsel aktivitelerin beynin canl\u0131l\u0131\u011f\u0131n\u0131 s\u00fcrd\u00fcrmesinde \u00f6nemli katk\u0131 sa\u011flad\u0131\u011f\u0131n\u0131 dile getiren Dr. \u015eahbaz, &#8220;Bilmece \u00e7\u00f6zmek, sudoku oynamak ya da kitap okumak zihinsel kapasitenin korunmas\u0131nda faydal\u0131 aktiviteler aras\u0131nda. Beden sa\u011fl\u0131\u011f\u0131 i\u00e7in d\u00fczenli y\u00fcr\u00fcy\u00fc\u015f yapmak, egzersizleri g\u00fcnl\u00fck hayat\u0131n bir par\u00e7as\u0131 haline getirmek gerekiyor. Sosyal y\u00f6nden aktif kalmak i\u00e7in ise aile ve arkada\u015flarla d\u00fczenli vakit ge\u00e7irmek, topluluklara ve sosyal gruplara kat\u0131lmak b\u00fcy\u00fck \u00f6nem ta\u015f\u0131yor. Zihin aktif olacak, beden aktif olacak ve sosyal hayat aktif tutulacakt\u0131r. Bu \u00fc\u00e7l\u00fc yakla\u015f\u0131m, hastal\u0131\u011f\u0131n seyrini yava\u015flatmada g\u00fc\u00e7l\u00fc bir destek sa\u011flamaktad\u0131r. Bug\u00fcn i\u00e7in kesin tedavi bulunmam\u0131\u015f olsa da hem t\u0131bbi geli\u015fmeler hem de ya\u015fam tarz\u0131 d\u00fczenlemeleriyle Alzheimer kar\u015f\u0131s\u0131nda g\u00fc\u00e7l\u00fc ad\u0131mlar atabiliyoruz&#8221; ifadelerini kulland\u0131.<br \/><\/p>\n","protected":false},"excerpt":{"rendered":"<p>\u0130zmir Ekonomi \u00dcniversitesi Medical Point Hastanesi N\u00f6roloji B\u00f6l\u00fcm\u00fc\u2019nden Dr. \u00d6\u011fr. \u00dcyesi G\u00fclhan \u015eahbaz, 1-30 Eyl\u00fcl D\u00fcnya Alzheimer Ay\u0131 dolay\u0131s\u0131yla yapt\u0131\u011f\u0131 a\u00e7\u0131klama Alzheimer hastal\u0131\u011f\u0131na y\u00f6nelik g\u00fcncel geli\u015fmeler ve koruyucu yakla\u015f\u0131mlar hakk\u0131nda \u00f6nemli a\u00e7\u0131klamalarda bulundu. Alzheimer\u2019\u0131n d\u00fcnyada ve \u00fclkemizde h\u0131zla art\u0131\u015f g\u00f6steren en \u00f6nemli sa\u011fl\u0131k sorunlar\u0131ndan biri oldu\u011funa dikkat \u00e7eken Dr. \u015eahbaz, hastal\u0131\u011f\u0131n yaln\u0131zca unutkanl\u0131kla s\u0131n\u0131rl\u0131 kalmad\u0131\u011f\u0131n\u0131,&#8230;<\/p>\n","protected":false},"author":1,"featured_media":57651,"comment_status":"open","ping_status":"open","sticky":false,"template":"","format":"standard","meta":{"_crdt_document":"","footnotes":""},"categories":[2],"tags":[],"class_list":["post-57650","post","type-post","status-publish","format-standard","has-post-thumbnail","hentry","category-saglik"],"_links":{"self":[{"href":"https:\/\/www.egemtv.com\/index.php?rest_route=\/wp\/v2\/posts\/57650","targetHints":{"allow":["GET"]}}],"collection":[{"href":"https:\/\/www.egemtv.com\/index.php?rest_route=\/wp\/v2\/posts"}],"about":[{"href":"https:\/\/www.egemtv.com\/index.php?rest_route=\/wp\/v2\/types\/post"}],"author":[{"embeddable":true,"href":"https:\/\/www.egemtv.com\/index.php?rest_route=\/wp\/v2\/users\/1"}],"replies":[{"embeddable":true,"href":"https:\/\/www.egemtv.com\/index.php?rest_route=%2Fwp%2Fv2%2Fcomments&post=57650"}],"version-history":[{"count":1,"href":"https:\/\/www.egemtv.com\/index.php?rest_route=\/wp\/v2\/posts\/57650\/revisions"}],"predecessor-version":[{"id":57652,"href":"https:\/\/www.egemtv.com\/index.php?rest_route=\/wp\/v2\/posts\/57650\/revisions\/57652"}],"wp:featuredmedia":[{"embeddable":true,"href":"https:\/\/www.egemtv.com\/index.php?rest_route=\/wp\/v2\/media\/57651"}],"wp:attachment":[{"href":"https:\/\/www.egemtv.com\/index.php?rest_route=%2Fwp%2Fv2%2Fmedia&parent=57650"}],"wp:term":[{"taxonomy":"category","embeddable":true,"href":"https:\/\/www.egemtv.com\/index.php?rest_route=%2Fwp%2Fv2%2Fcategories&post=57650"},{"taxonomy":"post_tag","embeddable":true,"href":"https:\/\/www.egemtv.com\/index.php?rest_route=%2Fwp%2Fv2%2Ftags&post=57650"}],"curies":[{"name":"wp","href":"https:\/\/api.w.org\/{rel}","templated":true}]}}