{"id":57647,"date":"2025-09-27T10:55:46","date_gmt":"2025-09-27T07:55:46","guid":{"rendered":"https:\/\/www.egemtv.com\/?p=57647"},"modified":"2025-09-27T10:55:47","modified_gmt":"2025-09-27T07:55:47","slug":"marmaris-turizmi-sezona-dolulukla-veda-ediyor","status":"publish","type":"post","link":"https:\/\/www.egemtv.com\/?p=57647","title":{"rendered":"Marmaris turizmi sezona dolulukla veda ediyor"},"content":{"rendered":"<p>D\u00fcnyan\u0131n ve \u00fclkemizin g\u00f6zde turizm kentlerinden olan Mu\u011fla\u2019n\u0131n Marmaris il\u00e7esinde yerli ve yabanc\u0131 turistlerin a\u011f\u0131rlanmas\u0131na devam ediliyor. Mart ay\u0131nda ba\u015flayan turist canl\u0131l\u0131\u011f\u0131n\u0131n Kas\u0131m ay\u0131n\u0131n ortas\u0131na kadar s\u00fcrece\u011fi belirtilirken, turizmciler de yeni pazarlar i\u00e7in \u00e7al\u0131\u015fmalara devam ediyor.<br \/>\n<br \/>G\u00fcney Ege Turistik Otelciler Birli\u011fi (GETOB) Ba\u015fkan\u0131 ve otel i\u015fletmecisi turizmci Cengiz Ayg\u00fcn, 2025 turizm sezonunu de\u011ferlendirdi. Sezonun ilk \u00e7eyre\u011finde baz\u0131 s\u0131k\u0131nt\u0131lar ya\u015fad\u0131klar\u0131n\u0131 belirten Ayg\u00fcn, Haziran ay\u0131ndan itibaren doluluklar\u0131n y\u00fczde 90 seviyesinde devam etti\u011fini s\u00f6yledi. Operasyonlar\u0131n yakla\u015f\u0131k 12 Kas\u0131m\u2019a kadar s\u00fcrece\u011fini aktaran Ayg\u00fcn, &#8220;Bu tarih Marmaris\u2019in geneli i\u00e7in ge\u00e7erli de\u011fil. \u00c7o\u011fu otelimiz Ekim ay\u0131n\u0131n 20-25\u2019ine kadar a\u00e7\u0131k kalarak sezonu tamamlayacak&#8221; dedi. Ayg\u00fcn, &#8220;\u0130ngiltere pazar\u0131nda kay\u0131plar\u0131m\u0131z oldu. Ancak i\u00e7 pazar sayesinde doluluk oranlar\u0131m\u0131z\u0131 y\u00fcksek tuttuk. Yine de Marmaris ge\u00e7mi\u015f kay\u0131plar\u0131n\u0131 kapatt\u0131 ya da eski g\u00f6rkemli g\u00fcnlerine d\u00f6nd\u00fc dersek, bu hen\u00fcz m\u00fcmk\u00fcn de\u011fil&#8221; ifadelerini kulland\u0131.<\/p>\n<p>&#8220;Marmaris turizminin y\u00fczde 70 potansiyeli \u0130\u00e7meler-Siteler k\u0131y\u0131 b\u00f6lgesinde&#8221;<br \/>\n<br \/>Marmaris\u2019in gelece\u011fiyle ilgili de\u011ferlendirmelerde bulunan Ayg\u00fcn, \u00f6zellikle \u0130\u00e7meler\u2019den Siteler Mahallesinin k\u0131y\u0131 \u015feridine kadar olan b\u00f6lgenin turizm potansiyeline dikkat \u00e7ekti. &#8220;Bu b\u00f6lgedeki tesisler kendilerini g\u00fcn\u00fcn \u015fartlar\u0131na uygun hale getirdi\u011finde Marmaris turizmine b\u00fcy\u00fck katk\u0131 sa\u011flayacakt\u0131r&#8221; dedi. Marmaris\u2019in yaln\u0131zca deniz, kum ve g\u00fcne\u015ften ibaret olmad\u0131\u011f\u0131n\u0131 vurgulayan Ayg\u00fcn, &#8220;Ticaret Odas\u0131 antik \u015fehirler ve tarihi alanlar\u0131m\u0131zla ilgili ciddi \u00e7al\u0131\u015fmalar y\u00fcr\u00fct\u00fcyor. Belediyemiz festivallerle tan\u0131t\u0131m\u0131 destekliyor. Biz de konaklama sekt\u00f6r\u00fc temsilcileri olarak bu s\u00fcrecin i\u00e7indeyiz&#8221; dedi. Turizmi 12 aya yayma \u00e7al\u0131\u015fmalar\u0131na da de\u011finen Ayg\u00fcn, &#8220;\u015eu an yakla\u015f\u0131k 8 ayl\u0131k bir turizm sezonumuz var. GETOB olarak 9 aya \u00e7\u0131karmak i\u00e7in \u00e7al\u0131\u015f\u0131yoruz. 12 ay turizm de m\u00fcmk\u00fcn ancak bu s\u00fcre\u00e7 5-10 y\u0131l i\u00e7inde ger\u00e7ekle\u015febilir&#8221; diye konu\u015ftu.<br \/><\/p>\n","protected":false},"excerpt":{"rendered":"<p>D\u00fcnyan\u0131n ve \u00fclkemizin g\u00f6zde turizm kentlerinden olan Mu\u011fla\u2019n\u0131n Marmaris il\u00e7esinde yerli ve yabanc\u0131 turistlerin a\u011f\u0131rlanmas\u0131na devam ediliyor. Mart ay\u0131nda ba\u015flayan turist canl\u0131l\u0131\u011f\u0131n\u0131n Kas\u0131m ay\u0131n\u0131n ortas\u0131na kadar s\u00fcrece\u011fi belirtilirken, turizmciler de yeni pazarlar i\u00e7in \u00e7al\u0131\u015fmalara devam ediyor. G\u00fcney Ege Turistik Otelciler Birli\u011fi (GETOB) Ba\u015fkan\u0131 ve otel i\u015fletmecisi turizmci Cengiz Ayg\u00fcn, 2025 turizm sezonunu de\u011ferlendirdi. Sezonun ilk&#8230;<\/p>\n","protected":false},"author":1,"featured_media":57648,"comment_status":"open","ping_status":"open","sticky":false,"template":"","format":"standard","meta":{"_crdt_document":"","footnotes":""},"categories":[125],"tags":[],"class_list":["post-57647","post","type-post","status-publish","format-standard","has-post-thumbnail","hentry","category-ekonomi"],"_links":{"self":[{"href":"https:\/\/www.egemtv.com\/index.php?rest_route=\/wp\/v2\/posts\/57647","targetHints":{"allow":["GET"]}}],"collection":[{"href":"https:\/\/www.egemtv.com\/index.php?rest_route=\/wp\/v2\/posts"}],"about":[{"href":"https:\/\/www.egemtv.com\/index.php?rest_route=\/wp\/v2\/types\/post"}],"author":[{"embeddable":true,"href":"https:\/\/www.egemtv.com\/index.php?rest_route=\/wp\/v2\/users\/1"}],"replies":[{"embeddable":true,"href":"https:\/\/www.egemtv.com\/index.php?rest_route=%2Fwp%2Fv2%2Fcomments&post=57647"}],"version-history":[{"count":1,"href":"https:\/\/www.egemtv.com\/index.php?rest_route=\/wp\/v2\/posts\/57647\/revisions"}],"predecessor-version":[{"id":57649,"href":"https:\/\/www.egemtv.com\/index.php?rest_route=\/wp\/v2\/posts\/57647\/revisions\/57649"}],"wp:featuredmedia":[{"embeddable":true,"href":"https:\/\/www.egemtv.com\/index.php?rest_route=\/wp\/v2\/media\/57648"}],"wp:attachment":[{"href":"https:\/\/www.egemtv.com\/index.php?rest_route=%2Fwp%2Fv2%2Fmedia&parent=57647"}],"wp:term":[{"taxonomy":"category","embeddable":true,"href":"https:\/\/www.egemtv.com\/index.php?rest_route=%2Fwp%2Fv2%2Fcategories&post=57647"},{"taxonomy":"post_tag","embeddable":true,"href":"https:\/\/www.egemtv.com\/index.php?rest_route=%2Fwp%2Fv2%2Ftags&post=57647"}],"curies":[{"name":"wp","href":"https:\/\/api.w.org\/{rel}","templated":true}]}}