{"id":57644,"date":"2025-09-27T10:15:40","date_gmt":"2025-09-27T07:15:40","guid":{"rendered":"https:\/\/www.egemtv.com\/?p=57644"},"modified":"2025-09-27T10:15:41","modified_gmt":"2025-09-27T07:15:41","slug":"istanbul-turizm-fuarinda-mugla-ruzgari","status":"publish","type":"post","link":"https:\/\/www.egemtv.com\/?p=57644","title":{"rendered":"\u0130stanbul Turizm Fuar\u0131nda Mu\u011fla r\u00fczgar\u0131"},"content":{"rendered":"<p>K\u0131y\u0131 Ege Belediyeler Birli\u011fi ve Mu\u011fla B\u00fcy\u00fck\u015fehir Belediye Ba\u015fkan\u0131 Ahmet Aras 25-26 Eyl\u00fcl tarihlerinde ger\u00e7ekle\u015ftirilen \u0130stanbul Turizm Fuar\u0131na kat\u0131ld\u0131.<br \/>\n<br \/>25-26 Eyl\u00fcl tarihlerinde Yenikap\u0131-Avrasya G\u00f6steri ve Sanat Merkezinde \u00fc\u00e7\u00fcnc\u00fc kez ger\u00e7ekle\u015ftirilen \u0130stanbul Turizm Fuar\u0131, 50 \u00fclkeden 500 firmaya ve 15 bin turizm profesyoneline ev sahipli\u011fi yaparak sekt\u00f6r\u00fcn en \u00f6nemli bulu\u015fma noktalar\u0131ndan biri oldu. Ba\u015fkan Aras 2023 y\u0131l\u0131nda ilk defa d\u00fczenlenen \u0130stanbul Turizm Fuar\u0131n\u0131n her y\u0131l b\u00fcy\u00fcyerek devam etti\u011fini, Mu\u011fla olarak turizm potansiyelinin geli\u015fmesi i\u00e7in at\u0131lan b\u00fct\u00fcn ad\u0131mlar\u0131 desteklediklerini s\u00f6yledi.<br \/>\n<br \/>\u0130stanbul Turizm Fuar\u0131nda Mu\u011fla B\u00fcy\u00fck\u015fehir Belediyesi, il\u00e7e belediyeleri ve turizm payda\u015flar\u0131yla birlikte yer ald\u0131. \u015eehrin e\u015fsiz do\u011fal g\u00fczellikleri ile tarihi ve k\u00fclt\u00fcrel de\u011ferleri, fuarda kurulan stantlarla ve d\u00fczenlenen \u2018Mu\u011fla Turizm Zirvesi\u2019 arac\u0131l\u0131\u011f\u0131yla kat\u0131l\u0131c\u0131lara tan\u0131t\u0131ld\u0131. Mu\u011fla Turizm Zirvesi\u2019nde Bodrum, Marmaris ve Seydikemer Belediye Ba\u015fkanlar\u0131 da Mu\u011fla\u2019y\u0131 anlatt\u0131.<br \/>\n<br \/>K\u0131y\u0131 Ege Belediyeler Birli\u011fi ve Mu\u011fla B\u00fcy\u00fck\u015fehir Belediye Ba\u015fkan\u0131 Ahmet Aras \u0130stanbul Turizm Fuar\u0131n\u0131n \u00e7ok yeni bir fuar olmas\u0131na ra\u011fmen \u00e7ok \u00e7abuk b\u00fcy\u00fcyerek sadece turizm profesyonellerini bir araya getiren \u00f6nemli bir fuar haline geldi\u011fini belirtti.<br \/>\n<br \/>K\u0131y\u0131 Ege Belediyeler Birli\u011fi ve Mu\u011fla B\u00fcy\u00fck\u015fehir Belediye Ba\u015fkan\u0131 Ahmet Aras; &#8220;\u0130stanbul Turizm Fuar\u0131 \u00e7ok yeni olmas\u0131na ra\u011fmen \u00e7ok h\u0131zl\u0131 b\u00fcy\u00fcyen bir fuar oldu. Yakla\u015f\u0131k y\u00fczde 30 civar\u0131nda sadece ge\u00e7en y\u0131la nazaran b\u00fcy\u00fcm\u00fc\u015f ve art\u0131k fuar merkezinin oldu\u011fu gibi \u015fu anda kaplam\u0131\u015f durumda. \u00d6zellikle turizm profesyonelleri, ulusal, uluslararas\u0131 operat\u00f6rler, otelciler, herkes burada, onu g\u00f6r\u00fcyoruz. \u015eunun da tabii ki \u00e7ok b\u00fcy\u00fck bir \u00f6nemi var. Sadece ve sadece ger\u00e7ekten turizmcileri bulu\u015fturuyor. \u0130\u015fe daha odaklanmam\u0131z\u0131 da sa\u011flam\u0131\u015f oluyor. Bundan sonraki tabii d\u00fczenledi\u011fimiz fuarlarda da yine Mu\u011fla olarak \u00e7ok g\u00fc\u00e7l\u00fc bir \u015fekilde yer almak her zaman istiyoruz&#8221; dedi.<br \/><\/p>\n","protected":false},"excerpt":{"rendered":"<p>K\u0131y\u0131 Ege Belediyeler Birli\u011fi ve Mu\u011fla B\u00fcy\u00fck\u015fehir Belediye Ba\u015fkan\u0131 Ahmet Aras 25-26 Eyl\u00fcl tarihlerinde ger\u00e7ekle\u015ftirilen \u0130stanbul Turizm Fuar\u0131na kat\u0131ld\u0131. 25-26 Eyl\u00fcl tarihlerinde Yenikap\u0131-Avrasya G\u00f6steri ve Sanat Merkezinde \u00fc\u00e7\u00fcnc\u00fc kez ger\u00e7ekle\u015ftirilen \u0130stanbul Turizm Fuar\u0131, 50 \u00fclkeden 500 firmaya ve 15 bin turizm profesyoneline ev sahipli\u011fi yaparak sekt\u00f6r\u00fcn en \u00f6nemli bulu\u015fma noktalar\u0131ndan biri oldu. Ba\u015fkan Aras 2023&#8230;<\/p>\n","protected":false},"author":1,"featured_media":57645,"comment_status":"open","ping_status":"open","sticky":false,"template":"","format":"standard","meta":{"_crdt_document":"","footnotes":""},"categories":[1],"tags":[],"class_list":["post-57644","post","type-post","status-publish","format-standard","has-post-thumbnail","hentry","category-guncel"],"_links":{"self":[{"href":"https:\/\/www.egemtv.com\/index.php?rest_route=\/wp\/v2\/posts\/57644","targetHints":{"allow":["GET"]}}],"collection":[{"href":"https:\/\/www.egemtv.com\/index.php?rest_route=\/wp\/v2\/posts"}],"about":[{"href":"https:\/\/www.egemtv.com\/index.php?rest_route=\/wp\/v2\/types\/post"}],"author":[{"embeddable":true,"href":"https:\/\/www.egemtv.com\/index.php?rest_route=\/wp\/v2\/users\/1"}],"replies":[{"embeddable":true,"href":"https:\/\/www.egemtv.com\/index.php?rest_route=%2Fwp%2Fv2%2Fcomments&post=57644"}],"version-history":[{"count":1,"href":"https:\/\/www.egemtv.com\/index.php?rest_route=\/wp\/v2\/posts\/57644\/revisions"}],"predecessor-version":[{"id":57646,"href":"https:\/\/www.egemtv.com\/index.php?rest_route=\/wp\/v2\/posts\/57644\/revisions\/57646"}],"wp:featuredmedia":[{"embeddable":true,"href":"https:\/\/www.egemtv.com\/index.php?rest_route=\/wp\/v2\/media\/57645"}],"wp:attachment":[{"href":"https:\/\/www.egemtv.com\/index.php?rest_route=%2Fwp%2Fv2%2Fmedia&parent=57644"}],"wp:term":[{"taxonomy":"category","embeddable":true,"href":"https:\/\/www.egemtv.com\/index.php?rest_route=%2Fwp%2Fv2%2Fcategories&post=57644"},{"taxonomy":"post_tag","embeddable":true,"href":"https:\/\/www.egemtv.com\/index.php?rest_route=%2Fwp%2Fv2%2Ftags&post=57644"}],"curies":[{"name":"wp","href":"https:\/\/api.w.org\/{rel}","templated":true}]}}