{"id":57638,"date":"2025-09-27T09:36:47","date_gmt":"2025-09-27T06:36:47","guid":{"rendered":"https:\/\/www.egemtv.com\/?p=57638"},"modified":"2025-09-27T09:36:48","modified_gmt":"2025-09-27T06:36:48","slug":"kutahyada-geleneksel-ahilik-pilavi-ikrami","status":"publish","type":"post","link":"https:\/\/www.egemtv.com\/?p=57638","title":{"rendered":"K\u00fctahya\u2019da geleneksel ahilik pilav\u0131 ikram\u0131"},"content":{"rendered":"<p>K\u00fctahya\u2019da 38\u2019inci Ahilik Haftas\u0131 etkinlikleri kapsam\u0131nda, cuma namaz\u0131n\u0131n ard\u0131ndan geleneksel ahilik pilav\u0131 ve tatl\u0131 ikram\u0131 ger\u00e7ekle\u015ftirildi.<br \/>\n<br \/>Ahi Evran Camii\u2019nde d\u00fczenlenen programa, Vali Musa I\u015f\u0131n, Milletvekilleri Adil Bi\u00e7er ve Mehmet Demir, il protokol\u00fc, esnaf ve sanatk\u00e2r temsilcileri ve \u00e7ok say\u0131da vatanda\u015f kat\u0131ld\u0131.<br \/>\n<br \/>Programda vatanda\u015flara pilav ve tatl\u0131 ikram edilerek birlik ve beraberlik ruhu peki\u015ftirildi. Ahili\u011fin yard\u0131mla\u015fma ve dayan\u0131\u015fma k\u00fclt\u00fcr\u00fcne vurgu yap\u0131lan etkinlik, yo\u011fun ilgi g\u00f6rd\u00fc.<br \/>\n<br \/>Vali Musa I\u015f\u0131n, etkinlik sonras\u0131nda yapt\u0131\u011f\u0131 de\u011ferlendirmede Ahilik k\u00fclt\u00fcr\u00fcn\u00fcn sadece bir meslek \u00f6rg\u00fctlenmesi olmad\u0131\u011f\u0131n\u0131, ayn\u0131 zamanda toplumsal dayan\u0131\u015fmay\u0131, karde\u015fli\u011fi ve d\u00fcr\u00fcstl\u00fc\u011f\u00fc temsil eden bir hayat felsefesi oldu\u011funu ifade etti.<br \/><\/p>\n","protected":false},"excerpt":{"rendered":"<p>K\u00fctahya\u2019da 38\u2019inci Ahilik Haftas\u0131 etkinlikleri kapsam\u0131nda, cuma namaz\u0131n\u0131n ard\u0131ndan geleneksel ahilik pilav\u0131 ve tatl\u0131 ikram\u0131 ger\u00e7ekle\u015ftirildi. Ahi Evran Camii\u2019nde d\u00fczenlenen programa, Vali Musa I\u015f\u0131n, Milletvekilleri Adil Bi\u00e7er ve Mehmet Demir, il protokol\u00fc, esnaf ve sanatk\u00e2r temsilcileri ve \u00e7ok say\u0131da vatanda\u015f kat\u0131ld\u0131. Programda vatanda\u015flara pilav ve tatl\u0131 ikram edilerek birlik ve beraberlik ruhu peki\u015ftirildi. Ahili\u011fin yard\u0131mla\u015fma&#8230;<\/p>\n","protected":false},"author":1,"featured_media":57639,"comment_status":"open","ping_status":"open","sticky":false,"template":"","format":"standard","meta":{"_crdt_document":"","footnotes":""},"categories":[1],"tags":[],"class_list":["post-57638","post","type-post","status-publish","format-standard","has-post-thumbnail","hentry","category-guncel"],"_links":{"self":[{"href":"https:\/\/www.egemtv.com\/index.php?rest_route=\/wp\/v2\/posts\/57638","targetHints":{"allow":["GET"]}}],"collection":[{"href":"https:\/\/www.egemtv.com\/index.php?rest_route=\/wp\/v2\/posts"}],"about":[{"href":"https:\/\/www.egemtv.com\/index.php?rest_route=\/wp\/v2\/types\/post"}],"author":[{"embeddable":true,"href":"https:\/\/www.egemtv.com\/index.php?rest_route=\/wp\/v2\/users\/1"}],"replies":[{"embeddable":true,"href":"https:\/\/www.egemtv.com\/index.php?rest_route=%2Fwp%2Fv2%2Fcomments&post=57638"}],"version-history":[{"count":1,"href":"https:\/\/www.egemtv.com\/index.php?rest_route=\/wp\/v2\/posts\/57638\/revisions"}],"predecessor-version":[{"id":57640,"href":"https:\/\/www.egemtv.com\/index.php?rest_route=\/wp\/v2\/posts\/57638\/revisions\/57640"}],"wp:featuredmedia":[{"embeddable":true,"href":"https:\/\/www.egemtv.com\/index.php?rest_route=\/wp\/v2\/media\/57639"}],"wp:attachment":[{"href":"https:\/\/www.egemtv.com\/index.php?rest_route=%2Fwp%2Fv2%2Fmedia&parent=57638"}],"wp:term":[{"taxonomy":"category","embeddable":true,"href":"https:\/\/www.egemtv.com\/index.php?rest_route=%2Fwp%2Fv2%2Fcategories&post=57638"},{"taxonomy":"post_tag","embeddable":true,"href":"https:\/\/www.egemtv.com\/index.php?rest_route=%2Fwp%2Fv2%2Ftags&post=57638"}],"curies":[{"name":"wp","href":"https:\/\/api.w.org\/{rel}","templated":true}]}}