{"id":57635,"date":"2025-09-27T09:36:46","date_gmt":"2025-09-27T06:36:46","guid":{"rendered":"https:\/\/www.egemtv.com\/?p=57635"},"modified":"2025-09-27T09:36:47","modified_gmt":"2025-09-27T06:36:47","slug":"kutahya-osb-akademide-nezaket-ve-protokol-kurallari-egitimi","status":"publish","type":"post","link":"https:\/\/www.egemtv.com\/?p=57635","title":{"rendered":"K\u00fctahya OSB Akademi\u2019de nezaket ve protokol kurallar\u0131 e\u011fitimi"},"content":{"rendered":"<p>K\u00fctahya Organize Sanayi B\u00f6lgesi Y\u00f6netim Kurulu Ba\u015fkanl\u0131\u011f\u0131, \u00e7al\u0131\u015fanlar\u0131n ileti\u015fim becerilerini g\u00fc\u00e7lendirmek ve i\u015f hayat\u0131nda daha etkili bir ifade tarz\u0131 geli\u015ftirmelerine katk\u0131 sunmak amac\u0131yla OSB Akademi \u00e7at\u0131s\u0131 alt\u0131nda e\u011fitim programlar\u0131na devam ediyor.<br \/>\n<br \/>Bu kapsamda, \u00e7al\u0131\u015fanlar\u0131n ve kurum temsilcilerinin sosyal, kamusal ve kurumsal ya\u015famda daha etkin ve profesyonel bir imaj sergilemelerine katk\u0131 sa\u011flamak amac\u0131yla Nezaket ve Protokol Kurallar\u0131 E\u011fitimi d\u00fczenledi. E\u011fitmen Adnan Erba\u015f taraf\u0131ndan verilen e\u011fitim, kat\u0131l\u0131mc\u0131lara protokol kurallar\u0131n\u0131n tarihsel geli\u015fiminden i\u015f d\u00fcnyas\u0131ndaki modern uygulamalar\u0131na kadar geni\u015f bir yelpazede bilgi sundu.<br \/>\n<br \/>E\u011fitimde, protokol ve nezaketin tarih\u00e7esi, sosyal ve kamusal alanda davran\u0131\u015f kurallar\u0131, ki\u015fisel ve kurumsal imaj y\u00f6netimi, temsil becerileri, ileti\u015fimde nezaket ve telefon g\u00f6rg\u00fc kurallar\u0131 gibi pek \u00e7ok konu detayl\u0131 \u015fekilde ele al\u0131nd\u0131. Ayr\u0131ca, ast-\u00fcst ili\u015fkilerinde protokol, makam ziyaretlerinde dikkat edilmesi gerekenler, toplant\u0131 d\u00fczenleri, t\u00f6ren protokolleri, resmi davetlerde davran\u0131\u015f kurallar\u0131 ve giyim-ku\u015fam standartlar\u0131 gibi konular da uygulamal\u0131 \u00f6rneklerle aktar\u0131ld\u0131.<br \/>\n<br \/>Kat\u0131l\u0131mc\u0131lar, e\u011fitim sonunda farkl\u0131 ortamlarda do\u011fru davran\u0131\u015f ve ileti\u015fim tekniklerini \u00f6\u011frenerek, hem bireysel hem de kurumsal temsil kabiliyetlerini geli\u015ftirme f\u0131rsat\u0131 buldular. B\u00f6ylece, kurum k\u00fclt\u00fcr\u00fcn\u00fcn profesyonel bir \u00e7er\u00e7evede g\u00fc\u00e7lenmesine ve i\u015f d\u00fcnyas\u0131nda etkili bir imaj\u0131n olu\u015fturulmas\u0131na katk\u0131 sa\u011flanmas\u0131 hedeflendi.<br \/><\/p>\n","protected":false},"excerpt":{"rendered":"<p>K\u00fctahya Organize Sanayi B\u00f6lgesi Y\u00f6netim Kurulu Ba\u015fkanl\u0131\u011f\u0131, \u00e7al\u0131\u015fanlar\u0131n ileti\u015fim becerilerini g\u00fc\u00e7lendirmek ve i\u015f hayat\u0131nda daha etkili bir ifade tarz\u0131 geli\u015ftirmelerine katk\u0131 sunmak amac\u0131yla OSB Akademi \u00e7at\u0131s\u0131 alt\u0131nda e\u011fitim programlar\u0131na devam ediyor. Bu kapsamda, \u00e7al\u0131\u015fanlar\u0131n ve kurum temsilcilerinin sosyal, kamusal ve kurumsal ya\u015famda daha etkin ve profesyonel bir imaj sergilemelerine katk\u0131 sa\u011flamak amac\u0131yla Nezaket ve Protokol&#8230;<\/p>\n","protected":false},"author":1,"featured_media":57636,"comment_status":"open","ping_status":"open","sticky":false,"template":"","format":"standard","meta":{"_crdt_document":"","footnotes":""},"categories":[1],"tags":[],"class_list":["post-57635","post","type-post","status-publish","format-standard","has-post-thumbnail","hentry","category-guncel"],"_links":{"self":[{"href":"https:\/\/www.egemtv.com\/index.php?rest_route=\/wp\/v2\/posts\/57635","targetHints":{"allow":["GET"]}}],"collection":[{"href":"https:\/\/www.egemtv.com\/index.php?rest_route=\/wp\/v2\/posts"}],"about":[{"href":"https:\/\/www.egemtv.com\/index.php?rest_route=\/wp\/v2\/types\/post"}],"author":[{"embeddable":true,"href":"https:\/\/www.egemtv.com\/index.php?rest_route=\/wp\/v2\/users\/1"}],"replies":[{"embeddable":true,"href":"https:\/\/www.egemtv.com\/index.php?rest_route=%2Fwp%2Fv2%2Fcomments&post=57635"}],"version-history":[{"count":1,"href":"https:\/\/www.egemtv.com\/index.php?rest_route=\/wp\/v2\/posts\/57635\/revisions"}],"predecessor-version":[{"id":57637,"href":"https:\/\/www.egemtv.com\/index.php?rest_route=\/wp\/v2\/posts\/57635\/revisions\/57637"}],"wp:featuredmedia":[{"embeddable":true,"href":"https:\/\/www.egemtv.com\/index.php?rest_route=\/wp\/v2\/media\/57636"}],"wp:attachment":[{"href":"https:\/\/www.egemtv.com\/index.php?rest_route=%2Fwp%2Fv2%2Fmedia&parent=57635"}],"wp:term":[{"taxonomy":"category","embeddable":true,"href":"https:\/\/www.egemtv.com\/index.php?rest_route=%2Fwp%2Fv2%2Fcategories&post=57635"},{"taxonomy":"post_tag","embeddable":true,"href":"https:\/\/www.egemtv.com\/index.php?rest_route=%2Fwp%2Fv2%2Ftags&post=57635"}],"curies":[{"name":"wp","href":"https:\/\/api.w.org\/{rel}","templated":true}]}}