{"id":57629,"date":"2025-09-27T09:36:43","date_gmt":"2025-09-27T06:36:43","guid":{"rendered":"https:\/\/www.egemtv.com\/?p=57629"},"modified":"2025-09-27T09:36:44","modified_gmt":"2025-09-27T06:36:44","slug":"erasmus-kapsaminda-avrupadan-gelen-ogretmenler-kutahyada-agirlandi","status":"publish","type":"post","link":"https:\/\/www.egemtv.com\/?p=57629","title":{"rendered":"Erasmus kapsam\u0131nda Avrupa\u2019dan gelen \u00f6\u011fretmenler K\u00fctahya\u2019da a\u011f\u0131rland\u0131"},"content":{"rendered":"<p>K\u00fctahya\u2019da Adnan Menderes Ortaokulu, Erasmus+ \u2019Mankind Act Keeps Earth-MAKE\u2019 projesinin final toplant\u0131s\u0131na ev sahipli\u011fi yapt\u0131.<br \/>\n<br \/>\u0130spanya, Polonya, Yunanistan ve Litvanya\u2019dan gelen \u00f6\u011fretmenlerin kat\u0131l\u0131m\u0131yla ger\u00e7ekle\u015ftirilen programda iklim de\u011fi\u015fikli\u011fi, s\u00fcrd\u00fcr\u00fclebilirlik ve \u00e7evresel sorumluluk konular\u0131 ele al\u0131nd\u0131. Proje kapsam\u0131nda d\u00fczenlenen etkinliklerde, \u00f6\u011frenciler ve \u00f6\u011fretmenler k\u00fcresel \u00e7evre sorunlar\u0131na dikkat \u00e7ekerek ortak \u00e7\u00f6z\u00fcm yollar\u0131 \u00fczerine fikir al\u0131\u015fveri\u015finde bulundu.<br \/>\n<br \/>Toplant\u0131n\u0131n resmi g\u00f6r\u00fc\u015fmesi, \u0130l Mill\u00ee E\u011fitim M\u00fcd\u00fcrl\u00fc\u011f\u00fc hizmet binas\u0131nda yer alan Maarif Salonu\u2019nda yap\u0131ld\u0131. G\u00f6r\u00fc\u015fmeye \u0130l Mill\u00ee E\u011fitim M\u00fcd\u00fcrl\u00fc\u011f\u00fc\u2019n\u00fc temsilen \u015eube M\u00fcd\u00fcr\u00fc Mustafa Topuz kat\u0131larak yabanc\u0131 misafirleri a\u011f\u0131rlad\u0131.<br \/>\n<br \/>Erasmus+ MAKE projesinin final bulu\u015fmas\u0131, kat\u0131l\u0131mc\u0131 \u00fclkeler aras\u0131nda i\u015f birli\u011fini g\u00fc\u00e7lendirirken \u00e7evresel fark\u0131ndal\u0131k \u00e7al\u0131\u015fmalar\u0131na da \u00f6nemli katk\u0131 sundu.<br \/><\/p>\n","protected":false},"excerpt":{"rendered":"<p>K\u00fctahya\u2019da Adnan Menderes Ortaokulu, Erasmus+ \u2019Mankind Act Keeps Earth-MAKE\u2019 projesinin final toplant\u0131s\u0131na ev sahipli\u011fi yapt\u0131. \u0130spanya, Polonya, Yunanistan ve Litvanya\u2019dan gelen \u00f6\u011fretmenlerin kat\u0131l\u0131m\u0131yla ger\u00e7ekle\u015ftirilen programda iklim de\u011fi\u015fikli\u011fi, s\u00fcrd\u00fcr\u00fclebilirlik ve \u00e7evresel sorumluluk konular\u0131 ele al\u0131nd\u0131. Proje kapsam\u0131nda d\u00fczenlenen etkinliklerde, \u00f6\u011frenciler ve \u00f6\u011fretmenler k\u00fcresel \u00e7evre sorunlar\u0131na dikkat \u00e7ekerek ortak \u00e7\u00f6z\u00fcm yollar\u0131 \u00fczerine fikir al\u0131\u015fveri\u015finde bulundu. Toplant\u0131n\u0131n resmi&#8230;<\/p>\n","protected":false},"author":1,"featured_media":57630,"comment_status":"open","ping_status":"open","sticky":false,"template":"","format":"standard","meta":{"_crdt_document":"","footnotes":""},"categories":[1],"tags":[],"class_list":["post-57629","post","type-post","status-publish","format-standard","has-post-thumbnail","hentry","category-guncel"],"_links":{"self":[{"href":"https:\/\/www.egemtv.com\/index.php?rest_route=\/wp\/v2\/posts\/57629","targetHints":{"allow":["GET"]}}],"collection":[{"href":"https:\/\/www.egemtv.com\/index.php?rest_route=\/wp\/v2\/posts"}],"about":[{"href":"https:\/\/www.egemtv.com\/index.php?rest_route=\/wp\/v2\/types\/post"}],"author":[{"embeddable":true,"href":"https:\/\/www.egemtv.com\/index.php?rest_route=\/wp\/v2\/users\/1"}],"replies":[{"embeddable":true,"href":"https:\/\/www.egemtv.com\/index.php?rest_route=%2Fwp%2Fv2%2Fcomments&post=57629"}],"version-history":[{"count":1,"href":"https:\/\/www.egemtv.com\/index.php?rest_route=\/wp\/v2\/posts\/57629\/revisions"}],"predecessor-version":[{"id":57631,"href":"https:\/\/www.egemtv.com\/index.php?rest_route=\/wp\/v2\/posts\/57629\/revisions\/57631"}],"wp:featuredmedia":[{"embeddable":true,"href":"https:\/\/www.egemtv.com\/index.php?rest_route=\/wp\/v2\/media\/57630"}],"wp:attachment":[{"href":"https:\/\/www.egemtv.com\/index.php?rest_route=%2Fwp%2Fv2%2Fmedia&parent=57629"}],"wp:term":[{"taxonomy":"category","embeddable":true,"href":"https:\/\/www.egemtv.com\/index.php?rest_route=%2Fwp%2Fv2%2Fcategories&post=57629"},{"taxonomy":"post_tag","embeddable":true,"href":"https:\/\/www.egemtv.com\/index.php?rest_route=%2Fwp%2Fv2%2Ftags&post=57629"}],"curies":[{"name":"wp","href":"https:\/\/api.w.org\/{rel}","templated":true}]}}