{"id":57623,"date":"2025-09-27T09:36:41","date_gmt":"2025-09-27T06:36:41","guid":{"rendered":"https:\/\/www.egemtv.com\/?p=57623"},"modified":"2025-09-27T09:36:42","modified_gmt":"2025-09-27T06:36:42","slug":"jandarmadan-madde-bagimliligi-ile-mucadele-egitimi","status":"publish","type":"post","link":"https:\/\/www.egemtv.com\/?p=57623","title":{"rendered":"Jandarmadan madde ba\u011f\u0131ml\u0131l\u0131\u011f\u0131 ile m\u00fccadele e\u011fitimi"},"content":{"rendered":"<p>K\u00fctahya \u0130l Jandarma Komutanl\u0131\u011f\u0131 Narkotik Su\u00e7larla M\u00fccadele \u015eube M\u00fcd\u00fcrl\u00fc\u011f\u00fc ekipleri, Dumlup\u0131nar \u00dcniversitesi Gediz Meslek Y\u00fcksekokulu ve Sa\u011fl\u0131k Bilimleri \u00dcniversitesi Sa\u011fl\u0131k Meslek Y\u00fcksekokulu\u2019nda &#8220;En \u0130yi Narkotik Polisi Anne&#8221; projesi kapsam\u0131nda madde ba\u011f\u0131ml\u0131l\u0131\u011f\u0131 ile m\u00fccadele e\u011fitimi verdi.<br \/>\n<br \/>E\u011fitime yakla\u015f\u0131k 550 \u00f6\u011frenci ve g\u00f6revli personel kat\u0131ld\u0131. Kat\u0131l\u0131mc\u0131lara, madde ba\u011f\u0131ml\u0131l\u0131\u011f\u0131 ile m\u00fccadele y\u00f6ntemleri konular\u0131nda bilgilendirme yap\u0131ld\u0131. Ayr\u0131ca ba\u011f\u0131ml\u0131l\u0131kla m\u00fccadelede \u00f6nemli bir ad\u0131m olan UYUMA uygulamas\u0131 hakk\u0131nda da tan\u0131t\u0131m ger\u00e7ekle\u015ftirildi.<br \/>\n<br \/>Jandarma ekipleri, verilen e\u011fitimlerin gen\u00e7lerin ve ailelerin bilin\u00e7lendirilmesine katk\u0131 sa\u011flad\u0131\u011f\u0131n\u0131, uyu\u015fturucu ile m\u00fccadelenin toplumun t\u00fcm kesimlerinin ortak \u00e7abas\u0131yla m\u00fcmk\u00fcn olaca\u011f\u0131n\u0131 vurgulad\u0131.<br \/><\/p>\n","protected":false},"excerpt":{"rendered":"<p>K\u00fctahya \u0130l Jandarma Komutanl\u0131\u011f\u0131 Narkotik Su\u00e7larla M\u00fccadele \u015eube M\u00fcd\u00fcrl\u00fc\u011f\u00fc ekipleri, Dumlup\u0131nar \u00dcniversitesi Gediz Meslek Y\u00fcksekokulu ve Sa\u011fl\u0131k Bilimleri \u00dcniversitesi Sa\u011fl\u0131k Meslek Y\u00fcksekokulu\u2019nda &#8220;En \u0130yi Narkotik Polisi Anne&#8221; projesi kapsam\u0131nda madde ba\u011f\u0131ml\u0131l\u0131\u011f\u0131 ile m\u00fccadele e\u011fitimi verdi. E\u011fitime yakla\u015f\u0131k 550 \u00f6\u011frenci ve g\u00f6revli personel kat\u0131ld\u0131. Kat\u0131l\u0131mc\u0131lara, madde ba\u011f\u0131ml\u0131l\u0131\u011f\u0131 ile m\u00fccadele y\u00f6ntemleri konular\u0131nda bilgilendirme yap\u0131ld\u0131. Ayr\u0131ca ba\u011f\u0131ml\u0131l\u0131kla m\u00fccadelede&#8230;<\/p>\n","protected":false},"author":1,"featured_media":57624,"comment_status":"open","ping_status":"open","sticky":false,"template":"","format":"standard","meta":{"_crdt_document":"","footnotes":""},"categories":[1],"tags":[],"class_list":["post-57623","post","type-post","status-publish","format-standard","has-post-thumbnail","hentry","category-guncel"],"_links":{"self":[{"href":"https:\/\/www.egemtv.com\/index.php?rest_route=\/wp\/v2\/posts\/57623","targetHints":{"allow":["GET"]}}],"collection":[{"href":"https:\/\/www.egemtv.com\/index.php?rest_route=\/wp\/v2\/posts"}],"about":[{"href":"https:\/\/www.egemtv.com\/index.php?rest_route=\/wp\/v2\/types\/post"}],"author":[{"embeddable":true,"href":"https:\/\/www.egemtv.com\/index.php?rest_route=\/wp\/v2\/users\/1"}],"replies":[{"embeddable":true,"href":"https:\/\/www.egemtv.com\/index.php?rest_route=%2Fwp%2Fv2%2Fcomments&post=57623"}],"version-history":[{"count":1,"href":"https:\/\/www.egemtv.com\/index.php?rest_route=\/wp\/v2\/posts\/57623\/revisions"}],"predecessor-version":[{"id":57625,"href":"https:\/\/www.egemtv.com\/index.php?rest_route=\/wp\/v2\/posts\/57623\/revisions\/57625"}],"wp:featuredmedia":[{"embeddable":true,"href":"https:\/\/www.egemtv.com\/index.php?rest_route=\/wp\/v2\/media\/57624"}],"wp:attachment":[{"href":"https:\/\/www.egemtv.com\/index.php?rest_route=%2Fwp%2Fv2%2Fmedia&parent=57623"}],"wp:term":[{"taxonomy":"category","embeddable":true,"href":"https:\/\/www.egemtv.com\/index.php?rest_route=%2Fwp%2Fv2%2Fcategories&post=57623"},{"taxonomy":"post_tag","embeddable":true,"href":"https:\/\/www.egemtv.com\/index.php?rest_route=%2Fwp%2Fv2%2Ftags&post=57623"}],"curies":[{"name":"wp","href":"https:\/\/api.w.org\/{rel}","templated":true}]}}