{"id":57620,"date":"2025-09-27T02:15:15","date_gmt":"2025-09-26T23:15:15","guid":{"rendered":"https:\/\/www.egemtv.com\/?p=57620"},"modified":"2025-09-27T02:15:16","modified_gmt":"2025-09-26T23:15:16","slug":"motosiklet-surucusu-kamyona-arkadan-carpti-1-olu","status":"publish","type":"post","link":"https:\/\/www.egemtv.com\/?p=57620","title":{"rendered":"Motosiklet s\u00fcr\u00fcc\u00fcs\u00fc kamyona arkadan \u00e7arpt\u0131: 1 \u00f6l\u00fc"},"content":{"rendered":"<p>U\u015fak\u2019ta, lasti\u011fi patlad\u0131\u011f\u0131 i\u00e7in yol kenar\u0131nda bekleyen kamyona motosikletin arkadan \u00e7arpmas\u0131 sonucu 1 ki\u015fi hayat\u0131n\u0131 kaybetti.<br \/>\n<br \/>Kaza, Afyonkarahisar-U\u015fak karayolu Ortak\u00f6y kav\u015fa\u011f\u0131nda meydana geldi. Edinilen bilgilere g\u00f6re, \u0130.D. (39) idaresindeki 06 EJT 859 plakal\u0131 kamyon, lasti\u011fi patlad\u0131\u011f\u0131 i\u00e7in yol kenar\u0131nda beklerken, ayn\u0131 istikamette ilerleyen Ercan \u00d6zcan (48) y\u00f6netimindeki 64 FF 683 plakal\u0131 motosiklet arkadan \u00e7arpt\u0131. \u00c7evredeki vatanda\u015flar\u0131n durumu 112 Acil \u00c7a\u011fr\u0131 Merkezi\u2019ne bildirmesi \u00fczerine olay yerine 112 Sa\u011fl\u0131k, polis ve jandarma ekipleri sevk edildi. 112 Sa\u011fl\u0131k ekiplerince yap\u0131lan incelemede motosiklet s\u00fcr\u00fcc\u00fcs\u00fc \u00d6zcan\u2019\u0131n hayat\u0131n\u0131 kaybetti\u011fi belirlendi.<br \/>\n<br \/>\u00d6zcan\u2019\u0131n cenazesi, olay yerinde yap\u0131lan incelemelerin ard\u0131ndan U\u015fak E\u011fitim ve Ara\u015ft\u0131rma Hastanesi Morgu\u2019na kald\u0131r\u0131ld\u0131. Kamyon s\u00fcr\u00fcc\u00fcs\u00fc \u0130.D.\u2019nin ifadesi al\u0131nmak \u00fczere jandarma ekiplerince karakola g\u00f6t\u00fcr\u00fcld\u00fc\u011f\u00fc \u00f6\u011frenildi.<br \/><\/p>\n","protected":false},"excerpt":{"rendered":"<p>U\u015fak\u2019ta, lasti\u011fi patlad\u0131\u011f\u0131 i\u00e7in yol kenar\u0131nda bekleyen kamyona motosikletin arkadan \u00e7arpmas\u0131 sonucu 1 ki\u015fi hayat\u0131n\u0131 kaybetti. Kaza, Afyonkarahisar-U\u015fak karayolu Ortak\u00f6y kav\u015fa\u011f\u0131nda meydana geldi. Edinilen bilgilere g\u00f6re, \u0130.D. (39) idaresindeki 06 EJT 859 plakal\u0131 kamyon, lasti\u011fi patlad\u0131\u011f\u0131 i\u00e7in yol kenar\u0131nda beklerken, ayn\u0131 istikamette ilerleyen Ercan \u00d6zcan (48) y\u00f6netimindeki 64 FF 683 plakal\u0131 motosiklet arkadan \u00e7arpt\u0131. \u00c7evredeki&#8230;<\/p>\n","protected":false},"author":1,"featured_media":57621,"comment_status":"open","ping_status":"open","sticky":false,"template":"","format":"standard","meta":{"_crdt_document":"","footnotes":""},"categories":[5],"tags":[],"class_list":["post-57620","post","type-post","status-publish","format-standard","has-post-thumbnail","hentry","category-asayis"],"_links":{"self":[{"href":"https:\/\/www.egemtv.com\/index.php?rest_route=\/wp\/v2\/posts\/57620","targetHints":{"allow":["GET"]}}],"collection":[{"href":"https:\/\/www.egemtv.com\/index.php?rest_route=\/wp\/v2\/posts"}],"about":[{"href":"https:\/\/www.egemtv.com\/index.php?rest_route=\/wp\/v2\/types\/post"}],"author":[{"embeddable":true,"href":"https:\/\/www.egemtv.com\/index.php?rest_route=\/wp\/v2\/users\/1"}],"replies":[{"embeddable":true,"href":"https:\/\/www.egemtv.com\/index.php?rest_route=%2Fwp%2Fv2%2Fcomments&post=57620"}],"version-history":[{"count":1,"href":"https:\/\/www.egemtv.com\/index.php?rest_route=\/wp\/v2\/posts\/57620\/revisions"}],"predecessor-version":[{"id":57622,"href":"https:\/\/www.egemtv.com\/index.php?rest_route=\/wp\/v2\/posts\/57620\/revisions\/57622"}],"wp:featuredmedia":[{"embeddable":true,"href":"https:\/\/www.egemtv.com\/index.php?rest_route=\/wp\/v2\/media\/57621"}],"wp:attachment":[{"href":"https:\/\/www.egemtv.com\/index.php?rest_route=%2Fwp%2Fv2%2Fmedia&parent=57620"}],"wp:term":[{"taxonomy":"category","embeddable":true,"href":"https:\/\/www.egemtv.com\/index.php?rest_route=%2Fwp%2Fv2%2Fcategories&post=57620"},{"taxonomy":"post_tag","embeddable":true,"href":"https:\/\/www.egemtv.com\/index.php?rest_route=%2Fwp%2Fv2%2Ftags&post=57620"}],"curies":[{"name":"wp","href":"https:\/\/api.w.org\/{rel}","templated":true}]}}