{"id":57617,"date":"2025-09-27T01:54:35","date_gmt":"2025-09-26T22:54:35","guid":{"rendered":"https:\/\/www.egemtv.com\/?p=57617"},"modified":"2025-09-27T01:54:36","modified_gmt":"2025-09-26T22:54:36","slug":"ulada-feci-kaza-yaya-kadin-olay-yerinde-hayatini-kaybetti","status":"publish","type":"post","link":"https:\/\/www.egemtv.com\/?p=57617","title":{"rendered":"Ula\u2019da feci kaza: Yaya kad\u0131n olay yerinde hayat\u0131n\u0131 kaybetti"},"content":{"rendered":"<p>Mu\u011fla\u2019n\u0131n Ula il\u00e7esi Esentepe Mahallesi\u2019nde meydana gelen kazada, yaya bir kad\u0131na karavan \u00e7arpt\u0131.<br \/>\n<br \/>\u0130ddiaya g\u00f6re, 06 COV 78 plakal\u0131 arac\u0131n\u0131 \u00e7orba i\u00e7mek i\u00e7in yol kenar\u0131na park eden Nevin Yavuz, yolun kar\u015f\u0131s\u0131na ge\u00e7ip arac\u0131na d\u00f6nerken, 34 EMM 076 plakal\u0131 karavan\u0131n \u00e7arpmas\u0131 sonucu olay yerinde hayat\u0131n\u0131 kaybetti.<br \/>\n<br \/>\u0130hbar \u00fczerine olay yerine sa\u011fl\u0131k ve jandarma ekipleri sevk edildi. Yap\u0131lan incelemelerin ard\u0131ndan Yavuz\u2019un cans\u0131z bedeni adli t\u0131p kurumuna kald\u0131r\u0131ld\u0131. Kazayla ilgili soru\u015fturma ba\u015flat\u0131ld\u0131.<br \/><\/p>\n","protected":false},"excerpt":{"rendered":"<p>Mu\u011fla\u2019n\u0131n Ula il\u00e7esi Esentepe Mahallesi\u2019nde meydana gelen kazada, yaya bir kad\u0131na karavan \u00e7arpt\u0131. \u0130ddiaya g\u00f6re, 06 COV 78 plakal\u0131 arac\u0131n\u0131 \u00e7orba i\u00e7mek i\u00e7in yol kenar\u0131na park eden Nevin Yavuz, yolun kar\u015f\u0131s\u0131na ge\u00e7ip arac\u0131na d\u00f6nerken, 34 EMM 076 plakal\u0131 karavan\u0131n \u00e7arpmas\u0131 sonucu olay yerinde hayat\u0131n\u0131 kaybetti. \u0130hbar \u00fczerine olay yerine sa\u011fl\u0131k ve jandarma ekipleri sevk edildi&#8230;.<\/p>\n","protected":false},"author":1,"featured_media":57618,"comment_status":"open","ping_status":"open","sticky":false,"template":"","format":"standard","meta":{"_crdt_document":"","footnotes":""},"categories":[5],"tags":[],"class_list":["post-57617","post","type-post","status-publish","format-standard","has-post-thumbnail","hentry","category-asayis"],"_links":{"self":[{"href":"https:\/\/www.egemtv.com\/index.php?rest_route=\/wp\/v2\/posts\/57617","targetHints":{"allow":["GET"]}}],"collection":[{"href":"https:\/\/www.egemtv.com\/index.php?rest_route=\/wp\/v2\/posts"}],"about":[{"href":"https:\/\/www.egemtv.com\/index.php?rest_route=\/wp\/v2\/types\/post"}],"author":[{"embeddable":true,"href":"https:\/\/www.egemtv.com\/index.php?rest_route=\/wp\/v2\/users\/1"}],"replies":[{"embeddable":true,"href":"https:\/\/www.egemtv.com\/index.php?rest_route=%2Fwp%2Fv2%2Fcomments&post=57617"}],"version-history":[{"count":1,"href":"https:\/\/www.egemtv.com\/index.php?rest_route=\/wp\/v2\/posts\/57617\/revisions"}],"predecessor-version":[{"id":57619,"href":"https:\/\/www.egemtv.com\/index.php?rest_route=\/wp\/v2\/posts\/57617\/revisions\/57619"}],"wp:featuredmedia":[{"embeddable":true,"href":"https:\/\/www.egemtv.com\/index.php?rest_route=\/wp\/v2\/media\/57618"}],"wp:attachment":[{"href":"https:\/\/www.egemtv.com\/index.php?rest_route=%2Fwp%2Fv2%2Fmedia&parent=57617"}],"wp:term":[{"taxonomy":"category","embeddable":true,"href":"https:\/\/www.egemtv.com\/index.php?rest_route=%2Fwp%2Fv2%2Fcategories&post=57617"},{"taxonomy":"post_tag","embeddable":true,"href":"https:\/\/www.egemtv.com\/index.php?rest_route=%2Fwp%2Fv2%2Ftags&post=57617"}],"curies":[{"name":"wp","href":"https:\/\/api.w.org\/{rel}","templated":true}]}}