{"id":57614,"date":"2025-09-27T00:34:35","date_gmt":"2025-09-26T21:34:35","guid":{"rendered":"https:\/\/www.egemtv.com\/?p=57614"},"modified":"2025-09-27T00:34:36","modified_gmt":"2025-09-26T21:34:36","slug":"otoyolda-kacak-tutun-ve-sigara-kagidi-yakalandi","status":"publish","type":"post","link":"https:\/\/www.egemtv.com\/?p=57614","title":{"rendered":"Otoyolda ka\u00e7ak t\u00fct\u00fcn ve sigara ka\u011f\u0131d\u0131 yakaland\u0131"},"content":{"rendered":"<p>Manisa\u2019da jandarma ekiplerinin otoyolda yapt\u0131\u011f\u0131 operasyonda piyasa de\u011feri 1,5 milyon TL olan 1000 kilo ka\u00e7ak nargile t\u00fct\u00fcn\u00fc ile 8 milyon 375 bin adet sigara sarma ka\u011f\u0131d\u0131 ele ge\u00e7irildi.<br \/>\n<br \/>Edinilen bilgiye g\u00f6re, Manisa \u0130l Jandarma Komutanl\u0131\u011f\u0131 Otoyol Jandarma Komutanl\u0131\u011f\u0131 ve KOM \u015eube M\u00fcd\u00fcrl\u00fc\u011f\u00fc ekipleri taraf\u0131ndan ger\u00e7ekle\u015ftirilen denetimde, S.\u00dc. (28\/E) isimli \u015fahs\u0131n kulland\u0131\u011f\u0131 ara\u00e7ta arama yap\u0131ld\u0131.<br \/>\n<br \/>Yap\u0131lan aramada piyasa de\u011feri 1 milyon 500 bin TL olan 1000 kilogram ka\u00e7ak nargile t\u00fct\u00fcn\u00fc ile 8 milyon 375 bin adet sigara sarma ka\u011f\u0131d\u0131 bulundu.<br \/>\n<br \/>Olayla ilgili Cumhuriyet Savc\u0131s\u0131na bilgi verilerek al\u0131nan talimatlar do\u011frultusunda \u015f\u00fcpheli \u015fah\u0131s g\u00f6zalt\u0131na al\u0131nd\u0131 ve adli makamlara sevk edilmek \u00fczere i\u015flemler ba\u015flat\u0131ld\u0131.<br \/><\/p>\n","protected":false},"excerpt":{"rendered":"<p>Manisa\u2019da jandarma ekiplerinin otoyolda yapt\u0131\u011f\u0131 operasyonda piyasa de\u011feri 1,5 milyon TL olan 1000 kilo ka\u00e7ak nargile t\u00fct\u00fcn\u00fc ile 8 milyon 375 bin adet sigara sarma ka\u011f\u0131d\u0131 ele ge\u00e7irildi. Edinilen bilgiye g\u00f6re, Manisa \u0130l Jandarma Komutanl\u0131\u011f\u0131 Otoyol Jandarma Komutanl\u0131\u011f\u0131 ve KOM \u015eube M\u00fcd\u00fcrl\u00fc\u011f\u00fc ekipleri taraf\u0131ndan ger\u00e7ekle\u015ftirilen denetimde, S.\u00dc. (28\/E) isimli \u015fahs\u0131n kulland\u0131\u011f\u0131 ara\u00e7ta arama yap\u0131ld\u0131. Yap\u0131lan&#8230;<\/p>\n","protected":false},"author":1,"featured_media":57615,"comment_status":"open","ping_status":"open","sticky":false,"template":"","format":"standard","meta":{"_crdt_document":"","footnotes":""},"categories":[5],"tags":[],"class_list":["post-57614","post","type-post","status-publish","format-standard","has-post-thumbnail","hentry","category-asayis"],"_links":{"self":[{"href":"https:\/\/www.egemtv.com\/index.php?rest_route=\/wp\/v2\/posts\/57614","targetHints":{"allow":["GET"]}}],"collection":[{"href":"https:\/\/www.egemtv.com\/index.php?rest_route=\/wp\/v2\/posts"}],"about":[{"href":"https:\/\/www.egemtv.com\/index.php?rest_route=\/wp\/v2\/types\/post"}],"author":[{"embeddable":true,"href":"https:\/\/www.egemtv.com\/index.php?rest_route=\/wp\/v2\/users\/1"}],"replies":[{"embeddable":true,"href":"https:\/\/www.egemtv.com\/index.php?rest_route=%2Fwp%2Fv2%2Fcomments&post=57614"}],"version-history":[{"count":1,"href":"https:\/\/www.egemtv.com\/index.php?rest_route=\/wp\/v2\/posts\/57614\/revisions"}],"predecessor-version":[{"id":57616,"href":"https:\/\/www.egemtv.com\/index.php?rest_route=\/wp\/v2\/posts\/57614\/revisions\/57616"}],"wp:featuredmedia":[{"embeddable":true,"href":"https:\/\/www.egemtv.com\/index.php?rest_route=\/wp\/v2\/media\/57615"}],"wp:attachment":[{"href":"https:\/\/www.egemtv.com\/index.php?rest_route=%2Fwp%2Fv2%2Fmedia&parent=57614"}],"wp:term":[{"taxonomy":"category","embeddable":true,"href":"https:\/\/www.egemtv.com\/index.php?rest_route=%2Fwp%2Fv2%2Fcategories&post=57614"},{"taxonomy":"post_tag","embeddable":true,"href":"https:\/\/www.egemtv.com\/index.php?rest_route=%2Fwp%2Fv2%2Ftags&post=57614"}],"curies":[{"name":"wp","href":"https:\/\/api.w.org\/{rel}","templated":true}]}}