{"id":57611,"date":"2025-09-27T00:15:15","date_gmt":"2025-09-26T21:15:15","guid":{"rendered":"https:\/\/www.egemtv.com\/?p=57611"},"modified":"2025-09-27T00:15:16","modified_gmt":"2025-09-26T21:15:16","slug":"kutahyada-organize-suc-orgutu-operasyonu-6-tutuklama","status":"publish","type":"post","link":"https:\/\/www.egemtv.com\/?p=57611","title":{"rendered":"K\u00fctahya\u2019da organize su\u00e7 \u00f6rg\u00fct\u00fc operasyonu: 6 tutuklama"},"content":{"rendered":"<p>K\u00fctahya \u0130l Emniyet M\u00fcd\u00fcrl\u00fc\u011f\u00fc Ka\u00e7ak\u00e7\u0131l\u0131k ve Organize Su\u00e7larla M\u00fccadele (KOM) ekipleri, &#8220;Su\u00e7 i\u015flemek amac\u0131yla \u00f6rg\u00fct kurma&#8221; ve &#8220;Nitelikli ya\u011fma&#8221; su\u00e7lar\u0131na kar\u0131\u015ft\u0131klar\u0131 tespit edilen organize su\u00e7 \u00f6rg\u00fct\u00fcne y\u00f6nelik operasyon d\u00fczenledi.<br \/>\n<br \/>Yap\u0131lan \u00e7al\u0131\u015fmalarda \u00f6rg\u00fct liderinin de aralar\u0131nda bulundu\u011fu 7 \u015f\u00fcpheli yakalanarak g\u00f6zalt\u0131na al\u0131nd\u0131. \u015e\u00fcphelilerin ikamet, i\u015f yeri ve ara\u00e7lar\u0131nda ger\u00e7ekle\u015ftirilen aramalarda; 2 adet toplam 100 bin TL de\u011ferinde senet, 37 adet toplam 90 bin 300 TL de\u011ferinde banka dekontu, 1 adet yar\u0131 otomatik av t\u00fcfe\u011fi, \u00f6rg\u00fct \u00fcyelerinin kendi aralar\u0131nda ileti\u015fim amac\u0131yla kulland\u0131\u011f\u0131 1 cep telefonu, ma\u011fdurlara bask\u0131 yapmak i\u00e7in kullan\u0131lan 5 cep telefonu olmak \u00fczere \u00e7e\u015fitli su\u00e7 unsurlar\u0131 ele ge\u00e7irildi.<br \/>\n<br \/>Emniyetteki i\u015flemlerinin ard\u0131ndan adliyeye sevk edilen \u015f\u00fcphelilerden 1\u2019i adli kontrol \u015fart\u0131yla serbest b\u0131rak\u0131l\u0131rken, 6\u2019s\u0131 tutuklanarak cezaevine g\u00f6nderildi.<br \/><\/p>\n","protected":false},"excerpt":{"rendered":"<p>K\u00fctahya \u0130l Emniyet M\u00fcd\u00fcrl\u00fc\u011f\u00fc Ka\u00e7ak\u00e7\u0131l\u0131k ve Organize Su\u00e7larla M\u00fccadele (KOM) ekipleri, &#8220;Su\u00e7 i\u015flemek amac\u0131yla \u00f6rg\u00fct kurma&#8221; ve &#8220;Nitelikli ya\u011fma&#8221; su\u00e7lar\u0131na kar\u0131\u015ft\u0131klar\u0131 tespit edilen organize su\u00e7 \u00f6rg\u00fct\u00fcne y\u00f6nelik operasyon d\u00fczenledi. Yap\u0131lan \u00e7al\u0131\u015fmalarda \u00f6rg\u00fct liderinin de aralar\u0131nda bulundu\u011fu 7 \u015f\u00fcpheli yakalanarak g\u00f6zalt\u0131na al\u0131nd\u0131. \u015e\u00fcphelilerin ikamet, i\u015f yeri ve ara\u00e7lar\u0131nda ger\u00e7ekle\u015ftirilen aramalarda; 2 adet toplam 100 bin TL&#8230;<\/p>\n","protected":false},"author":1,"featured_media":57612,"comment_status":"open","ping_status":"open","sticky":false,"template":"","format":"standard","meta":{"_crdt_document":"","footnotes":""},"categories":[5],"tags":[],"class_list":["post-57611","post","type-post","status-publish","format-standard","has-post-thumbnail","hentry","category-asayis"],"_links":{"self":[{"href":"https:\/\/www.egemtv.com\/index.php?rest_route=\/wp\/v2\/posts\/57611","targetHints":{"allow":["GET"]}}],"collection":[{"href":"https:\/\/www.egemtv.com\/index.php?rest_route=\/wp\/v2\/posts"}],"about":[{"href":"https:\/\/www.egemtv.com\/index.php?rest_route=\/wp\/v2\/types\/post"}],"author":[{"embeddable":true,"href":"https:\/\/www.egemtv.com\/index.php?rest_route=\/wp\/v2\/users\/1"}],"replies":[{"embeddable":true,"href":"https:\/\/www.egemtv.com\/index.php?rest_route=%2Fwp%2Fv2%2Fcomments&post=57611"}],"version-history":[{"count":1,"href":"https:\/\/www.egemtv.com\/index.php?rest_route=\/wp\/v2\/posts\/57611\/revisions"}],"predecessor-version":[{"id":57613,"href":"https:\/\/www.egemtv.com\/index.php?rest_route=\/wp\/v2\/posts\/57611\/revisions\/57613"}],"wp:featuredmedia":[{"embeddable":true,"href":"https:\/\/www.egemtv.com\/index.php?rest_route=\/wp\/v2\/media\/57612"}],"wp:attachment":[{"href":"https:\/\/www.egemtv.com\/index.php?rest_route=%2Fwp%2Fv2%2Fmedia&parent=57611"}],"wp:term":[{"taxonomy":"category","embeddable":true,"href":"https:\/\/www.egemtv.com\/index.php?rest_route=%2Fwp%2Fv2%2Fcategories&post=57611"},{"taxonomy":"post_tag","embeddable":true,"href":"https:\/\/www.egemtv.com\/index.php?rest_route=%2Fwp%2Fv2%2Ftags&post=57611"}],"curies":[{"name":"wp","href":"https:\/\/api.w.org\/{rel}","templated":true}]}}