{"id":57605,"date":"2025-09-26T21:14:39","date_gmt":"2025-09-26T18:14:39","guid":{"rendered":"https:\/\/www.egemtv.com\/?p=57605"},"modified":"2025-09-26T21:14:40","modified_gmt":"2025-09-26T18:14:40","slug":"izmirde-eglence-mekanindaki-goruntulerle-ilgili-1-tutuklama","status":"publish","type":"post","link":"https:\/\/www.egemtv.com\/?p=57605","title":{"rendered":"\u0130zmir\u2019de e\u011flence mekan\u0131ndaki g\u00f6r\u00fcnt\u00fclerle ilgili 1 tutuklama"},"content":{"rendered":"<p>\u0130zmir\u2019de, bir e\u011flence mekan\u0131nda \u00e7ekilen ve sosyal medyada payla\u015f\u0131lan g\u00f6r\u00fcnt\u00fclerle ilgili ba\u015flat\u0131lan soru\u015fturma kapsam\u0131nda g\u00f6zalt\u0131na al\u0131nan 1 ki\u015fi &#8220;dini de\u011ferlere alenen hakaret&#8221; ve &#8220;m\u00fcstehcenlik&#8221; su\u00e7lar\u0131ndan tutukland\u0131.<br \/>\n<br \/>\u0130zmir Cumhuriyet Ba\u015fsavc\u0131l\u0131\u011f\u0131ndan yap\u0131lan a\u00e7\u0131klamada, bir e\u011flence mekan\u0131nda \u00e7ekilerek sosyal medyada payla\u015f\u0131lan g\u00f6r\u00fcnt\u00fcler \u00fczerine soru\u015fturma ba\u015flat\u0131ld\u0131\u011f\u0131 belirtildi. A\u00e7\u0131klamada, &#8220;Halk\u0131n bir kesiminin benimsedi\u011fi dini de\u011ferlere alenen hakaret&#8221; ve &#8220;m\u00fcstehcenlik&#8221; su\u00e7lar\u0131 kapsam\u0131nda \u015f\u00fcpheliler H.K. ve A.S. hakk\u0131nda g\u00f6zalt\u0131 karar\u0131 verildi\u011fi, \u0130l Emniyet M\u00fcd\u00fcrl\u00fc\u011f\u00fc G\u00fcvenlik \u015eube M\u00fcd\u00fcrl\u00fc\u011f\u00fc ekiplerince yakalanan \u015f\u00fcphelilerin adliyeye sevk edildi\u011fi bildirildi.<br \/>\n<br \/>Soru\u015fturma kapsam\u0131nda \u015f\u00fcphelilerden H.K.\u2019n\u0131n &#8220;Halk\u0131 kin ve d\u00fc\u015fmanl\u0131\u011fa alenen tahrik etme&#8221; ve &#8220;m\u00fcstehcen yay\u0131nlar\u0131n yay\u0131mlanmas\u0131na arac\u0131l\u0131k etmek&#8221; su\u00e7lar\u0131ndan tutukland\u0131\u011f\u0131, A.S.\u2019nin ise imza ve yurt d\u0131\u015f\u0131 \u00e7\u0131k\u0131\u015f yasa\u011f\u0131 uygulanarak adli kontrol \u015fart\u0131yla serbest b\u0131rak\u0131ld\u0131\u011f\u0131 a\u00e7\u0131kland\u0131.<br \/><\/p>\n","protected":false},"excerpt":{"rendered":"<p>\u0130zmir\u2019de, bir e\u011flence mekan\u0131nda \u00e7ekilen ve sosyal medyada payla\u015f\u0131lan g\u00f6r\u00fcnt\u00fclerle ilgili ba\u015flat\u0131lan soru\u015fturma kapsam\u0131nda g\u00f6zalt\u0131na al\u0131nan 1 ki\u015fi &#8220;dini de\u011ferlere alenen hakaret&#8221; ve &#8220;m\u00fcstehcenlik&#8221; su\u00e7lar\u0131ndan tutukland\u0131. \u0130zmir Cumhuriyet Ba\u015fsavc\u0131l\u0131\u011f\u0131ndan yap\u0131lan a\u00e7\u0131klamada, bir e\u011flence mekan\u0131nda \u00e7ekilerek sosyal medyada payla\u015f\u0131lan g\u00f6r\u00fcnt\u00fcler \u00fczerine soru\u015fturma ba\u015flat\u0131ld\u0131\u011f\u0131 belirtildi. A\u00e7\u0131klamada, &#8220;Halk\u0131n bir kesiminin benimsedi\u011fi dini de\u011ferlere alenen hakaret&#8221; ve &#8220;m\u00fcstehcenlik&#8221; su\u00e7lar\u0131&#8230;<\/p>\n","protected":false},"author":1,"featured_media":57606,"comment_status":"open","ping_status":"open","sticky":false,"template":"","format":"standard","meta":{"_crdt_document":"","footnotes":""},"categories":[5],"tags":[],"class_list":["post-57605","post","type-post","status-publish","format-standard","has-post-thumbnail","hentry","category-asayis"],"_links":{"self":[{"href":"https:\/\/www.egemtv.com\/index.php?rest_route=\/wp\/v2\/posts\/57605","targetHints":{"allow":["GET"]}}],"collection":[{"href":"https:\/\/www.egemtv.com\/index.php?rest_route=\/wp\/v2\/posts"}],"about":[{"href":"https:\/\/www.egemtv.com\/index.php?rest_route=\/wp\/v2\/types\/post"}],"author":[{"embeddable":true,"href":"https:\/\/www.egemtv.com\/index.php?rest_route=\/wp\/v2\/users\/1"}],"replies":[{"embeddable":true,"href":"https:\/\/www.egemtv.com\/index.php?rest_route=%2Fwp%2Fv2%2Fcomments&post=57605"}],"version-history":[{"count":1,"href":"https:\/\/www.egemtv.com\/index.php?rest_route=\/wp\/v2\/posts\/57605\/revisions"}],"predecessor-version":[{"id":57607,"href":"https:\/\/www.egemtv.com\/index.php?rest_route=\/wp\/v2\/posts\/57605\/revisions\/57607"}],"wp:featuredmedia":[{"embeddable":true,"href":"https:\/\/www.egemtv.com\/index.php?rest_route=\/wp\/v2\/media\/57606"}],"wp:attachment":[{"href":"https:\/\/www.egemtv.com\/index.php?rest_route=%2Fwp%2Fv2%2Fmedia&parent=57605"}],"wp:term":[{"taxonomy":"category","embeddable":true,"href":"https:\/\/www.egemtv.com\/index.php?rest_route=%2Fwp%2Fv2%2Fcategories&post=57605"},{"taxonomy":"post_tag","embeddable":true,"href":"https:\/\/www.egemtv.com\/index.php?rest_route=%2Fwp%2Fv2%2Ftags&post=57605"}],"curies":[{"name":"wp","href":"https:\/\/api.w.org\/{rel}","templated":true}]}}