{"id":57602,"date":"2025-09-26T20:14:53","date_gmt":"2025-09-26T17:14:53","guid":{"rendered":"https:\/\/www.egemtv.com\/?p=57602"},"modified":"2025-09-26T20:14:54","modified_gmt":"2025-09-26T17:14:54","slug":"yesilovada-arazi-yangini","status":"publish","type":"post","link":"https:\/\/www.egemtv.com\/?p=57602","title":{"rendered":"Ye\u015filova\u2019da arazi yang\u0131n\u0131"},"content":{"rendered":"<p>Burdur\u2019un Ye\u015filova il\u00e7esinde \u00e7\u0131kan arazi yang\u0131n\u0131 ekipler taraf\u0131ndan b\u00fcy\u00fcmeden s\u00f6nd\u00fcr\u00fcld\u00fc.<br \/>\n<br \/>Yang\u0131n, saat 18.30 s\u0131ralar\u0131nda Burdur\u2019un Ye\u015filova il\u00e7esine ba\u011fl\u0131 Salda K\u00f6y\u00fcnde meydana geldi. Edinilen bilgiye g\u00f6re, arazide bilinmeyen bir nedenden yang\u0131n \u00e7\u0131kt\u0131. Dumanlar\u0131 g\u00f6ren \u00e7evredeki vatanda\u015flar\u0131n ihbar\u0131 \u00fczerine adrese itfaiye ekipleri sevk edildi. K\u0131sa s\u00fcrede adrese gelen ekipler taraf\u0131ndan yang\u0131n b\u00fcy\u00fcmeden kontrol alt\u0131na al\u0131narak s\u00f6nd\u00fcr\u00fcld\u00fc.<br \/><\/p>\n","protected":false},"excerpt":{"rendered":"<p>Burdur\u2019un Ye\u015filova il\u00e7esinde \u00e7\u0131kan arazi yang\u0131n\u0131 ekipler taraf\u0131ndan b\u00fcy\u00fcmeden s\u00f6nd\u00fcr\u00fcld\u00fc. Yang\u0131n, saat 18.30 s\u0131ralar\u0131nda Burdur\u2019un Ye\u015filova il\u00e7esine ba\u011fl\u0131 Salda K\u00f6y\u00fcnde meydana geldi. Edinilen bilgiye g\u00f6re, arazide bilinmeyen bir nedenden yang\u0131n \u00e7\u0131kt\u0131. Dumanlar\u0131 g\u00f6ren \u00e7evredeki vatanda\u015flar\u0131n ihbar\u0131 \u00fczerine adrese itfaiye ekipleri sevk edildi. K\u0131sa s\u00fcrede adrese gelen ekipler taraf\u0131ndan yang\u0131n b\u00fcy\u00fcmeden kontrol alt\u0131na al\u0131narak s\u00f6nd\u00fcr\u00fcld\u00fc.<\/p>\n","protected":false},"author":1,"featured_media":57603,"comment_status":"open","ping_status":"open","sticky":false,"template":"","format":"standard","meta":{"_crdt_document":"","footnotes":""},"categories":[5],"tags":[],"class_list":["post-57602","post","type-post","status-publish","format-standard","has-post-thumbnail","hentry","category-asayis"],"_links":{"self":[{"href":"https:\/\/www.egemtv.com\/index.php?rest_route=\/wp\/v2\/posts\/57602","targetHints":{"allow":["GET"]}}],"collection":[{"href":"https:\/\/www.egemtv.com\/index.php?rest_route=\/wp\/v2\/posts"}],"about":[{"href":"https:\/\/www.egemtv.com\/index.php?rest_route=\/wp\/v2\/types\/post"}],"author":[{"embeddable":true,"href":"https:\/\/www.egemtv.com\/index.php?rest_route=\/wp\/v2\/users\/1"}],"replies":[{"embeddable":true,"href":"https:\/\/www.egemtv.com\/index.php?rest_route=%2Fwp%2Fv2%2Fcomments&post=57602"}],"version-history":[{"count":1,"href":"https:\/\/www.egemtv.com\/index.php?rest_route=\/wp\/v2\/posts\/57602\/revisions"}],"predecessor-version":[{"id":57604,"href":"https:\/\/www.egemtv.com\/index.php?rest_route=\/wp\/v2\/posts\/57602\/revisions\/57604"}],"wp:featuredmedia":[{"embeddable":true,"href":"https:\/\/www.egemtv.com\/index.php?rest_route=\/wp\/v2\/media\/57603"}],"wp:attachment":[{"href":"https:\/\/www.egemtv.com\/index.php?rest_route=%2Fwp%2Fv2%2Fmedia&parent=57602"}],"wp:term":[{"taxonomy":"category","embeddable":true,"href":"https:\/\/www.egemtv.com\/index.php?rest_route=%2Fwp%2Fv2%2Fcategories&post=57602"},{"taxonomy":"post_tag","embeddable":true,"href":"https:\/\/www.egemtv.com\/index.php?rest_route=%2Fwp%2Fv2%2Ftags&post=57602"}],"curies":[{"name":"wp","href":"https:\/\/api.w.org\/{rel}","templated":true}]}}